{"id":296055,"date":"2025-07-26T18:09:10","date_gmt":"2025-07-26T18:09:10","guid":{"rendered":"https:\/\/www.europesays.com\/de\/296055\/"},"modified":"2025-07-26T18:09:10","modified_gmt":"2025-07-26T18:09:10","slug":"fussball-bundesligist-borussia-moenchengladbach-verleiht-stuermer-tomas-cvancara-bis-zum-ende-der-sa","status":"publish","type":"post","link":"https:\/\/www.europesays.com\/de\/296055\/","title":{"rendered":"Fu\u00dfball-Bundesligist Borussia M\u00f6nchengladbach verleiht St\u00fcrmer Tomas Cvancara bis zum Ende der Sa"},"content":{"rendered":"<p>1. Bundesliga: Gladbach verleiht St\u00fcrmer Cvancara an Antalyaspor<\/p>\n<p>Das teilte der Club vom Niederrhein am Samstagabend mit. Am Mittag hatte der Verein zuvor den Kauf von Shuto Machino aus Kiel vermeldet.<br \/>\n&#8222;Tomas bekommt durch diese Leihe in einem anderen Umfeld eine neue Chance, sein Potenzial umzusetzen. Wir sind davon \u00fcberzeugt, dass das in dieser Situation f\u00fcr beide Seiten die beste L\u00f6sung ist&#8220;, sagte Borussias Gesch\u00e4ftsf\u00fchrer Sport Roland Virkus.<br \/>\nCvancara wechselte im Sommer 2023 von Sparta Prag zur Borussia. <\/p>\n<p>Er kam in seiner ersten Saison f\u00fcr die Fohlen trotz einer rund zweimonatigen Verletzungspause in 24 Eins\u00e4tzen auf sechs Tore und zwei Vorlagen. In der zur\u00fcckliegenden Saison 2024\/25 stand der Tscheche in 30 Partien auf dem Platz und erzielte zwei Tore.\t<\/p>\n","protected":false},"excerpt":{"rendered":"1. Bundesliga: Gladbach verleiht St\u00fcrmer Cvancara an Antalyaspor Das teilte der Club vom Niederrhein am Samstagabend mit. Am&hellip;\n","protected":false},"author":2,"featured_media":296056,"comment_status":"","ping_status":"","sticky":false,"template":"","format":"standard","meta":{"footnotes":""},"categories":[1849],"tags":[81863,9835,299,37489,3364,29,548,663,3934,86552,30,14337,13,4455,14,15,1209,9387,12,9095,4131],"class_list":{"0":"post-296055","1":"post","2":"type-post","3":"status-publish","4":"format-standard","5":"has-post-thumbnail","7":"category-moenchengladbach","8":"tag-antalyaspor","9":"tag-borussia","10":"tag-bundesliga","11":"tag-cvancara","12":"tag-de","13":"tag-deutschland","14":"tag-eu","15":"tag-europa","16":"tag-europe","17":"tag-fussball-bundesligist","18":"tag-germany","19":"tag-gladbach","20":"tag-headlines","21":"tag-moenchengladbach","22":"tag-nachrichten","23":"tag-news","24":"tag-nordrhein-westfalen","25":"tag-saison","26":"tag-schlagzeilen","27":"tag-stuermer","28":"tag-tomas"},"share_on_mastodon":{"url":"https:\/\/pubeurope.com\/@de\/114920879798080479","error":""},"_links":{"self":[{"href":"https:\/\/www.europesays.com\/de\/wp-json\/wp\/v2\/posts\/296055","targetHints":{"allow":["GET"]}}],"collection":[{"href":"https:\/\/www.europesays.com\/de\/wp-json\/wp\/v2\/posts"}],"about":[{"href":"https:\/\/www.europesays.com\/de\/wp-json\/wp\/v2\/types\/post"}],"author":[{"embeddable":true,"href":"https:\/\/www.europesays.com\/de\/wp-json\/wp\/v2\/users\/2"}],"replies":[{"embeddable":true,"href":"https:\/\/www.europesays.com\/de\/wp-json\/wp\/v2\/comments?post=296055"}],"version-history":[{"count":0,"href":"https:\/\/www.europesays.com\/de\/wp-json\/wp\/v2\/posts\/296055\/revisions"}],"wp:featuredmedia":[{"embeddable":true,"href":"https:\/\/www.europesays.com\/de\/wp-json\/wp\/v2\/media\/296056"}],"wp:attachment":[{"href":"https:\/\/www.europesays.com\/de\/wp-json\/wp\/v2\/media?parent=296055"}],"wp:term":[{"taxonomy":"category","embeddable":true,"href":"https:\/\/www.europesays.com\/de\/wp-json\/wp\/v2\/categories?post=296055"},{"taxonomy":"post_tag","embeddable":true,"href":"https:\/\/www.europesays.com\/de\/wp-json\/wp\/v2\/tags?post=296055"}],"curies":[{"name":"wp","href":"https:\/\/api.w.org\/{rel}","templated":true}]}}