{"id":297158,"date":"2025-07-27T04:45:11","date_gmt":"2025-07-27T04:45:11","guid":{"rendered":"https:\/\/www.europesays.com\/de\/297158\/"},"modified":"2025-07-27T04:45:11","modified_gmt":"2025-07-27T04:45:11","slug":"berlin-brandenburg-hunderttausende-feiern-csd-ausschreitungen-in-kreuzberg","status":"publish","type":"post","link":"https:\/\/www.europesays.com\/de\/297158\/","title":{"rendered":"Berlin &#038; Brandenburg: Hunderttausende feiern CSD \u2013 Ausschreitungen in Kreuzberg"},"content":{"rendered":"<p>                    Berlin &amp; Brandenburg<br \/>\n                Hunderttausende feiern CSD \u2013 Ausschreitungen in Kreuzberg<\/p>\n<p>\t\t\t\t              27.07.2025, 05:03 Uhr<\/p>\n<p><strong>Ein riesiger Demonstrationszug zog am Samstag durch Berlin: Dutzende Menschen haben den Christopher Street Day fr\u00f6hlich gefeiert. Auf einer parallelen queeren Demo gab es Randale.<\/strong><\/p>\n<p>Berlin (dpa\/bb) &#8211; Tausende Menschen haben am Samstag in Berlin ausgelassen den Christopher Street Day gefeiert. Nach Angaben des CSD-Vorstands waren mehrere Hunderttausend Personen auf der Stra\u00dfe. &#8222;Die Demonstration war so gro\u00df wie lange nicht mehr&#8220;, hie\u00df es. Das Motto lautete &#8222;Nie wieder still&#8220;. Es gab politische Forderungen zum besseren Schutz queerer Menschen und auch Proteste gegen Bundeskanzler Friedrich Merz (CDU). Viele Menschen waren bunt und fantasievoll verkleidet.<\/p>\n<p>Die Stimmung war fr\u00f6hlich und ausgelassen &#8211; zumindest auf der Hauptveranstaltung. Auf der &#8222;Internationalist Queer Pride for Liberation&#8220; mit rund 10.000 Teilnehmern in Kreuzberg kam es zu Ausschreitungen, bei denen nach Polizeiangaben 17 Beamte verletzt wurden. Zu m\u00f6glicherweise verletzten Teilnehmer der Demonstration gab es keine Angaben.\u00a0<\/p>\n<p>Wegen wiederholter Angriffe auf die Polizei und antisemitischer Parolen l\u00f6ste die Polizei die Demonstration in Kreuzberg gegen 20.00 Uhr auf. Die Veranstaltung wurde in unmittelbarer N\u00e4he zum Kottbusser Tor gestoppt. Eigentlich sollte sie gegen 21.00 Uhr am Oranienplatz enden.\u00a0<\/p>\n<p>Flaschenw\u00fcrfe und Schl\u00e4ge mit Fahnenstangen<\/p>\n<p>Es soll Flaschenw\u00fcrfe und gezielte Schl\u00e4ge mit Fahnenstangen gegeben haben. Um die Personen festzunehmen, habe die Polizei k\u00f6rperlichen Zwang angewendet. Zudem seien Polizisten mit Farbbeuteln beworfen worden. In der Nacht teilte die Polizei auf X mit, dass es 57 Festnamen bei der &#8222;Internationalist Queer Pride for Liberation&#8220;- Kundgebung gegeben habe.\u00a0<\/p>\n<p>Kleine rechtsextreme Gegendemonstration<\/p>\n<p>Ebenfalls am Rand des CSD gab es eine rechtsextreme Gegendemonstration mit etwa 30 bis 50 Teilnehmenden. Die Polizei schirmte die Gruppe ab und nahm mehrere Personen fest \u2013 unter anderem wegen verbotener Symbole und Verst\u00f6\u00dfe gegen das Waffengesetz. Insgesamt seien im Kontext der CSD-Hauptveranstaltung 64 Menschen festgenommen worden. Wie viele von diesen Gegendemonstranten waren, konnte die Sprecherin nicht sagen. Nach Polizeiangaben wurden drei Beamte verletzt.\u00a0<\/p>\n<p>Die Berliner Polizei war mit rund 1.300 Einsatzkr\u00e4ften vor Ort. Hinzu kamen etwa 1.000 private Sicherheitskr\u00e4fte sowie rund 280 Sanit\u00e4terinnen und Sanit\u00e4ter.<\/p>\n","protected":false},"excerpt":{"rendered":"Berlin &amp; Brandenburg Hunderttausende feiern CSD \u2013 Ausschreitungen in Kreuzberg 27.07.2025, 05:03 Uhr Ein riesiger Demonstrationszug zog am&hellip;\n","protected":false},"author":2,"featured_media":297159,"comment_status":"","ping_status":"","sticky":false,"template":"","format":"standard","meta":{"footnotes":""},"categories":[1825],"tags":[30546,1001,296,1890,29,30,49240,7568],"class_list":{"0":"post-297158","1":"post","2":"type-post","3":"status-publish","4":"format-standard","5":"has-post-thumbnail","7":"category-berlin","8":"tag-csd","9":"tag-ausschreitungen","10":"tag-berlin","11":"tag-brandenburg","12":"tag-deutschland","13":"tag-germany","14":"tag-hunderttausende","15":"tag-kreuzberg"},"share_on_mastodon":{"url":"https:\/\/pubeurope.com\/@de\/114923381072103472","error":""},"_links":{"self":[{"href":"https:\/\/www.europesays.com\/de\/wp-json\/wp\/v2\/posts\/297158","targetHints":{"allow":["GET"]}}],"collection":[{"href":"https:\/\/www.europesays.com\/de\/wp-json\/wp\/v2\/posts"}],"about":[{"href":"https:\/\/www.europesays.com\/de\/wp-json\/wp\/v2\/types\/post"}],"author":[{"embeddable":true,"href":"https:\/\/www.europesays.com\/de\/wp-json\/wp\/v2\/users\/2"}],"replies":[{"embeddable":true,"href":"https:\/\/www.europesays.com\/de\/wp-json\/wp\/v2\/comments?post=297158"}],"version-history":[{"count":0,"href":"https:\/\/www.europesays.com\/de\/wp-json\/wp\/v2\/posts\/297158\/revisions"}],"wp:featuredmedia":[{"embeddable":true,"href":"https:\/\/www.europesays.com\/de\/wp-json\/wp\/v2\/media\/297159"}],"wp:attachment":[{"href":"https:\/\/www.europesays.com\/de\/wp-json\/wp\/v2\/media?parent=297158"}],"wp:term":[{"taxonomy":"category","embeddable":true,"href":"https:\/\/www.europesays.com\/de\/wp-json\/wp\/v2\/categories?post=297158"},{"taxonomy":"post_tag","embeddable":true,"href":"https:\/\/www.europesays.com\/de\/wp-json\/wp\/v2\/tags?post=297158"}],"curies":[{"name":"wp","href":"https:\/\/api.w.org\/{rel}","templated":true}]}}