{"id":297195,"date":"2025-07-27T05:07:39","date_gmt":"2025-07-27T05:07:39","guid":{"rendered":"https:\/\/www.europesays.com\/de\/297195\/"},"modified":"2025-07-27T05:07:39","modified_gmt":"2025-07-27T05:07:39","slug":"stechmuecken-alarm-in-wiesbaden-stadt-will-kostenlos-helfen","status":"publish","type":"post","link":"https:\/\/www.europesays.com\/de\/297195\/","title":{"rendered":"Stechm\u00fccken-Alarm in Wiesbaden: Stadt will kostenlos helfen"},"content":{"rendered":"<p>Seit Freitag (25. Juli) gibt die Stadt Wiesbaden wieder kostenlose Bti-Tabletten zur Bek\u00e4mpfung von Stechm\u00fcckenlarven aus. Das teilt die Stadtverwaltung mit.<\/p>\n<p>Die Tabletten sind an mehreren Stellen in Wiesbaden erh\u00e4ltlich: Im Umweltladen in der Luisenstra\u00dfe 19, im Rathaus am Schlossplatz 6 und in der Ortsverwaltung Kastel\/Kostheim am St. Veiter Platz 1.<\/p>\n<p>Der Umweltladen hat montags, dienstags, freitags und samstags von 10 bis 14 Uhr ge\u00f6ffnet. Mittwochs und donnerstags k\u00f6nnen die Tabletten zwischen 13 und 18 Uhr abgeholt werden.<\/p>\n<p>Ausgabe vor\u00fcbergehend eingeschr\u00e4nkt<\/p>\n<p>Die Ausgabe der Tabletten war wegen einer \u00c4nderung der Biozidverordnung vor\u00fcbergehend eingeschr\u00e4nkt worden. Das Umweltamt empfiehlt, stehendes Wasser \u2013 insbesondere in Regentonnen und offenen Beh\u00e4ltern \u2013 abzudecken. Falls das nicht m\u00f6glich ist, sollten die Beh\u00e4lter mit Bti-Tabletten behandelt werden.<\/p>\n<p>Der biologische Wirkstoff Bacillus thuringiensis israelensis (Bti) t\u00f6tet gezielt M\u00fcckenlarven ab und ist dabei f\u00fcr Menschen, Tiere und Pflanzen unbedenklich.<\/p>\n","protected":false},"excerpt":{"rendered":"Seit Freitag (25. Juli) gibt die Stadt Wiesbaden wieder kostenlose Bti-Tabletten zur Bek\u00e4mpfung von Stechm\u00fcckenlarven aus. Das teilt&hellip;\n","protected":false},"author":2,"featured_media":297196,"comment_status":"","ping_status":"","sticky":false,"template":"","format":"standard","meta":{"footnotes":""},"categories":[1847],"tags":[3364,29,548,663,3934,30,13,2052,14,15,12,4544],"class_list":{"0":"post-297195","1":"post","2":"type-post","3":"status-publish","4":"format-standard","5":"has-post-thumbnail","7":"category-wiesbaden","8":"tag-de","9":"tag-deutschland","10":"tag-eu","11":"tag-europa","12":"tag-europe","13":"tag-germany","14":"tag-headlines","15":"tag-hessen","16":"tag-nachrichten","17":"tag-news","18":"tag-schlagzeilen","19":"tag-wiesbaden"},"share_on_mastodon":{"url":"https:\/\/pubeurope.com\/@de\/114923467201672491","error":""},"_links":{"self":[{"href":"https:\/\/www.europesays.com\/de\/wp-json\/wp\/v2\/posts\/297195","targetHints":{"allow":["GET"]}}],"collection":[{"href":"https:\/\/www.europesays.com\/de\/wp-json\/wp\/v2\/posts"}],"about":[{"href":"https:\/\/www.europesays.com\/de\/wp-json\/wp\/v2\/types\/post"}],"author":[{"embeddable":true,"href":"https:\/\/www.europesays.com\/de\/wp-json\/wp\/v2\/users\/2"}],"replies":[{"embeddable":true,"href":"https:\/\/www.europesays.com\/de\/wp-json\/wp\/v2\/comments?post=297195"}],"version-history":[{"count":0,"href":"https:\/\/www.europesays.com\/de\/wp-json\/wp\/v2\/posts\/297195\/revisions"}],"wp:featuredmedia":[{"embeddable":true,"href":"https:\/\/www.europesays.com\/de\/wp-json\/wp\/v2\/media\/297196"}],"wp:attachment":[{"href":"https:\/\/www.europesays.com\/de\/wp-json\/wp\/v2\/media?parent=297195"}],"wp:term":[{"taxonomy":"category","embeddable":true,"href":"https:\/\/www.europesays.com\/de\/wp-json\/wp\/v2\/categories?post=297195"},{"taxonomy":"post_tag","embeddable":true,"href":"https:\/\/www.europesays.com\/de\/wp-json\/wp\/v2\/tags?post=297195"}],"curies":[{"name":"wp","href":"https:\/\/api.w.org\/{rel}","templated":true}]}}