{"id":297278,"date":"2025-07-27T06:02:08","date_gmt":"2025-07-27T06:02:08","guid":{"rendered":"https:\/\/www.europesays.com\/de\/297278\/"},"modified":"2025-07-27T06:02:08","modified_gmt":"2025-07-27T06:02:08","slug":"berlin-brandenburg-minister-extremismus-an-schulen-ist-riesen-herausforderung","status":"publish","type":"post","link":"https:\/\/www.europesays.com\/de\/297278\/","title":{"rendered":"Berlin &#038; Brandenburg: Minister: Extremismus an Schulen ist Riesen-Herausforderung"},"content":{"rendered":"<p>                    Berlin &amp; Brandenburg<br \/>\n                Minister: Extremismus an Schulen ist Riesen-Herausforderung<\/p>\n<p>\t\t\t\t              27.07.2025, 06:03 Uhr<\/p>\n<p><strong>Die Zahl rechtsextremistischer Vorf\u00e4lle an Brandenburger Schulen ist in den ersten f\u00fcnf Monaten dieses Jahres zur\u00fcckgegangen. Dennoch sieht Bildungsminister Freiberg keine Entspannung.<\/strong><\/p>\n<p>Potsdam (dpa\/bb) &#8211; Rechtsextremismus an Brandenburger Schulen bleibt aus Sicht von Bildungsminister Steffen Freiberg trotz eines R\u00fcckgangs der Vorf\u00e4lle eine gro\u00dfe Herausforderung. Die Zahl extremistischer, fremdenfeindlicher oder antisemitischer Vorf\u00e4lle sei zwar im zweiten Schulhalbjahr 2024\/2025 im schulinternen Meldesystem leicht zur\u00fcckgegangen. &#8222;Wir haben aber nach wie vor Riesen-Herausforderungen in diesem Bereich &#8211; und vor allen Dingen die Lehrerinnen und Lehrer, die direkt in der Situation stehen&#8220;, sagte der SPD-Politiker der Deutschen Presse-Agentur.<\/p>\n<p>Zwischen 1. Januar und 31. Mai dieses Jahres meldeten die Schulen 195 rechtsextremistische Vorf\u00e4lle. Das war im Vergleich zum Vorjahreszeitraum ein Minus von 89 F\u00e4llen oder ein R\u00fcckgang um etwa ein Drittel. Die Zahl fremdenfeindlicher Vorf\u00e4lle sank auf 57 (minus acht Prozent), die Zahl antisemitischer Vorf\u00e4lle ging auf 13 zur\u00fcck (rund die H\u00e4lfte). Das Ministerium z\u00e4hlte zudem 3 weitere extremistische Vorf\u00e4lle, das waren 22 weniger als zuvor. Die Ursache f\u00fcr die R\u00fcckg\u00e4nge war zun\u00e4chst unklar.<\/p>\n<p>Kampf gegen Rechtsextremismus<\/p>\n<p>Der Minister sieht die Schulen wegen der Vorf\u00e4lle auch belastet. &#8222;Wir haben eine Situation, die die Schulen sehr herausfordert&#8220;, sagte Freiberg. &#8222;Dass die Zahl der Straftaten angestiegen ist, ist ein Ausdruck dessen, was in der restlichen Gesellschaft auch passiert.&#8220;\u00a0<\/p>\n<p>Niemand rede das Problem klein. &#8222;Und wir haben Ma\u00dfnahmen ergriffen wie das Programm &#8222;Starke Lehrer, starke Sch\u00fcler&#8220;, um strukturell besser helfen zu k\u00f6nnen&#8220;, sagte Freiberg. &#8222;Schule ist ein wichtiger Akteur, aber politische Bildung und Engagement f\u00fcr Demokratie, Engagement f\u00fcr die Gesellschaft findet vor allen Dingen au\u00dferhalb von Schule statt. Wir haben die Mittel im Landesjugendplan erweitert durch Umschichtungen im Haushalt.&#8220;<\/p>\n<p>Die Schule sei aber nicht die einzige Institution, in der politische Bildung stattfinde, sagte der Minister. &#8222;Mein Wunsch w\u00e4re, dass die Arbeit der vielen, vielen engagierten jungen Menschen, gerade in den Jugendverb\u00e4nden, st\u00e4rker gew\u00fcrdigt w\u00fcrde.&#8220;<\/p>\n<p>Polizei: Anstieg politisch motivierter Kriminalit\u00e4t<\/p>\n<p>Die Polizei hatte im gesamten vergangenen Jahr einen deutlichen Anstieg politisch motivierter Kriminalit\u00e4t an Schulen auf 519 F\u00e4lle registriert, ein Plus von einem Drittel. Sie z\u00e4hlte 336 Straftaten von rechts, ein Anstieg um 30 Prozent. Die Zahl der Straftaten von links nahm leicht von 6 auf 7 zu.\u00a0<\/p>\n<p>Straftaten mit religi\u00f6ser Ideologie stiegen von 4 auf 6, solche mit ausl\u00e4ndischer Ideologie nahmen von 7 auf 3 ab. Der Rest wurde nicht zugeordnet. F\u00fcr das neue Jahr lagen zun\u00e4chst keine Zahlen vor.<\/p>\n<p>Im Jahr 2023 hatten eine Lehrerin und ein Lehrer einer Schule in Burg im Spreewald in einem anonymen Brief von Rechtsextremismus, Sexismus und Homophobie berichtet. Auch andere Schulen meldeten \u00e4hnliche Vorf\u00e4lle.\u00a0<\/p>\n<p>Als Konsequenz wurde im vergangenen Jahr das Verbot verfassungsfeindlicher Handlungen ins Schulgesetz eingef\u00fchrt. Die Schulen m\u00fcssen Vorf\u00e4lle zur Verherrlichung des Nationalsozialismus sowie antisemitische oder rassistische Vorf\u00e4lle unverz\u00fcglich dem Schulamt melden. In Spremberg in der Lausitz hatte B\u00fcrgermeisterin Christine Herntier k\u00fcrzlich vor dem Erstarken des Rechtsextremismus gewarnt.<\/p>\n","protected":false},"excerpt":{"rendered":"Berlin &amp; Brandenburg Minister: Extremismus an Schulen ist Riesen-Herausforderung 27.07.2025, 06:03 Uhr Die Zahl rechtsextremistischer Vorf\u00e4lle an Brandenburger&hellip;\n","protected":false},"author":2,"featured_media":297279,"comment_status":"","ping_status":"","sticky":false,"template":"","format":"standard","meta":{"footnotes":""},"categories":[1816],"tags":[4568,1960,1958,1959,1957,296,1956,1890,29,1549,30,1953,86735],"class_list":{"0":"post-297278","1":"post","2":"type-post","3":"status-publish","4":"format-standard","5":"has-post-thumbnail","7":"category-brandenburg","8":"tag-schulen","9":"tag-aktuelle-nachrichten-aus-berlin-und-brandenburg","10":"tag-aktuelle-nachrichten-aus-brandenburg","11":"tag-aktuelle-news-aus-berlin-und-brandenburg","12":"tag-aktuelle-news-aus-brandenburg","13":"tag-berlin","14":"tag-berlin-und-brandenburg","15":"tag-brandenburg","16":"tag-deutschland","17":"tag-extremismus","18":"tag-germany","19":"tag-minister","20":"tag-riesen-herausforderung"},"share_on_mastodon":{"url":"https:\/\/pubeurope.com\/@de\/114923683411807603","error":""},"_links":{"self":[{"href":"https:\/\/www.europesays.com\/de\/wp-json\/wp\/v2\/posts\/297278","targetHints":{"allow":["GET"]}}],"collection":[{"href":"https:\/\/www.europesays.com\/de\/wp-json\/wp\/v2\/posts"}],"about":[{"href":"https:\/\/www.europesays.com\/de\/wp-json\/wp\/v2\/types\/post"}],"author":[{"embeddable":true,"href":"https:\/\/www.europesays.com\/de\/wp-json\/wp\/v2\/users\/2"}],"replies":[{"embeddable":true,"href":"https:\/\/www.europesays.com\/de\/wp-json\/wp\/v2\/comments?post=297278"}],"version-history":[{"count":0,"href":"https:\/\/www.europesays.com\/de\/wp-json\/wp\/v2\/posts\/297278\/revisions"}],"wp:featuredmedia":[{"embeddable":true,"href":"https:\/\/www.europesays.com\/de\/wp-json\/wp\/v2\/media\/297279"}],"wp:attachment":[{"href":"https:\/\/www.europesays.com\/de\/wp-json\/wp\/v2\/media?parent=297278"}],"wp:term":[{"taxonomy":"category","embeddable":true,"href":"https:\/\/www.europesays.com\/de\/wp-json\/wp\/v2\/categories?post=297278"},{"taxonomy":"post_tag","embeddable":true,"href":"https:\/\/www.europesays.com\/de\/wp-json\/wp\/v2\/tags?post=297278"}],"curies":[{"name":"wp","href":"https:\/\/api.w.org\/{rel}","templated":true}]}}