{"id":297295,"date":"2025-07-27T06:12:18","date_gmt":"2025-07-27T06:12:18","guid":{"rendered":"https:\/\/www.europesays.com\/de\/297295\/"},"modified":"2025-07-27T06:12:18","modified_gmt":"2025-07-27T06:12:18","slug":"dab-in-den-deutschen-nachbarlaendern","status":"publish","type":"post","link":"https:\/\/www.europesays.com\/de\/297295\/","title":{"rendered":"DAB+ in den deutschen Nachbarl\u00e4ndern"},"content":{"rendered":"<p>            <img decoding=\"async\" fetchpriority=\"high\" width=\"696\" height=\"400\" data-no-lazy=\"\" class=\"entry-thumb\" src=\"https:\/\/www.europesays.com\/de\/wp-content\/uploads\/2025\/07\/Fahnen-Europa-696x400.jpg\" alt=\"Bild: \u00a9 tashka2000 - Fotolia.com\" title=\"Fahnen-Europa\"\/>Bild: \u00a9 tashka2000 &#8211; Fotolia.com<\/p>\n<p><strong>Auch in den deutschen Nachbarl\u00e4ndern ist DAB+ kein Unbekannter. Der Ausbaugrad variiert jedoch je nach Land. Hier die Details.<\/strong><\/p>\n<p>Belgien<\/p>\n<p>Bereits \u00fcber 95 Prozent der Belgier k\u00f6nnen DAB+ empfangen. Das Angebot an Multiplexen und Programmen ist reichhaltig. So sind nicht nur mehrere gro\u00dffl\u00e4chig verbreitete Pakete in Flandern, der Wallonie und im deutschsprachigen Ostbelgien auf Sendung, sondern auch zahlreiche Multiplexe mit regionalem und lokalem Charakter. Insgesamt sind 23 Multiplexe auf Sendung.<\/p>\n<p>D\u00e4nemark<\/p>\n<p>D\u00e4nemark z\u00e4hlt zu den DAB+-Pionieren. Bereits im DAB-alt-Zeitalter hatte man ein gut funktionierendes Sendernetz installiert und so hat Digitalradio schnell auf breiter Front Akzeptanz gefunden. Heute k\u00f6nnen 98 Prozent der D\u00e4nen DAB+ empfangen. Im Wesentlichen gibt es in D\u00e4nemark drei Bedeckungen. Der Multiplex des \u00f6ffentlich rechtlichen Danmarks Radio ist regionalisiert und kommt im Norden auf Kanal 13B, im Osten auf Kanal 11C und im S\u00fcden auf Kanal 8B. Dieser ist auch noch bis weit nach Schleswig-Holstein zu h\u00f6ren.<\/p>\n<p>Weiter ist ein nationaler Privatmux auf Sendung, der auf Kanal 12C \u00fcber 44 Standorte kommt. Weiter sind 14 regionale Pakete on air, deren Verbreitungsgebiete sich aber \u00fcberschneiden. So sind vielerorts auch Muxe aus der Nachbarschaft verf\u00fcgbar. Bemerkenswert ist auch ein lokales DAB+-Paket im F\u00e4hrhafen von Hirthals, \u00fcber das eine Reederei Infos zu den F\u00e4hrverbindungen verbreitet. Die Sendeleistung betr\u00e4gt gerade einmal 1 Watt ERP.<\/p>\n<p>Frankreich<\/p>\n<p>Im Vergleich zu anderen L\u00e4ndern geht der DAB+-Ausbau in Frankreich eher langsam vor sich. 2021 wurden zwei nationale Multiplexe gestartet. Obwohl diese inzwischen \u00fcber 187 beziehungsweise 193 Standorte verf\u00fcgen, werden damit bislang nur die wichtigen St\u00e4dte und Verkehrsrouten versorgt. Dem entsprechend gibt es auch noch gro\u00dfe wei\u00dfe Flecken auf der Versorgungskarte. Bislang sind rund 60 Prozent der Franzosen in der Lage, DAB\u00fc zu empfangen.<\/p>\n<p>Neben den beiden nationalen Paketen sind im Lande auch zahlreiche regionale Muxe auf Sendung. Sie findet man nicht nur in den gro\u00dfen Ballungsr\u00e4umen wie in Paris, Marseille oder Nizza, sondern auch in mittelgro\u00dfen und sogar kleineren St\u00e4dten.<\/p>\n<p>Luxemburg<\/p>\n<p>Regul\u00e4res DAB+ ist in Luxemburg noch nicht empfangbar. Der erste nationale Multiplex auf Kanal 7D soll im September auf Sendung gehen.<\/p>\n<p>Niederlande<\/p>\n<p>Die Niederlande d\u00fcrfen sich \u00fcber eine recht lebendige DAB+-Radiolandschaft erfreuen. Bereits 95 Prozent der Niederl\u00e4nder k\u00f6nnen die nationalen Multiplexe des \u00f6ffentlich-rechtlichen Rundfunks NPO und der landesweiten Privatsender empfangen. Sie kommen \u00fcber 61 Standorte auf Kanal 12C und 40 Standorte auf Kanal 11C. Dazu gibt es weitere 46 regionale und lokale Multiplexe, die f\u00fcr eine ausgesprochen bunte Radiolandschaft sorgen.<\/p>\n<p>\u00d6sterreich<\/p>\n<p>\u00d6sterreich hat sich lange recht schwer mit DAB+ getan. Inzwischen sind mehr oder weniger bundesweit drei Multiplexe zu empfangen, \u00fcber die ausschlie\u00dflich Privatradios verbreitet werden. Dabei handelt es sich um zwei nationale, sowie eine regionale Bedeckung, die in Summe denselben Ausbaugrad wie die nationalen genie\u00dft. Insgesamt werden \u00fcber 15 Standorte je zwei nationale und ein regionaler Mux ausgestrahlt. In Wien ist zus\u00e4tzlich ein weiteres regionales Paket auf Sendung. Erreicht werden rund 88 Prozent der Bev\u00f6lkerung. Eine l\u00fcckenlose Versorgung der Hauptverkehrsrouten gibt es noch nicht-<\/p>\n<p>Polen<\/p>\n<p>Auch in Polen hat sich inzwischen eine reiche, auf regionaler Basis aufgebaute DAB\u00fc-Landschaft entwickelt. Alleine der polnische Rundfunk betreibt 17 regionale Pakete. Weitere 19 sind mit Privatsendern aktiv. Weitere 25, sowie zwei nationale Muxe befinden sich zumindest in der Planung.<\/p>\n<p>Schweiz<\/p>\n<p>In der Schweiz hat sich der<a href=\"https:\/\/www.digitalfernsehen.de\/news\/empfang\/radio\/ukw-aus-der-srg-schweiz-setzt-auf-dab-in-notsituationen-1151330\/\" rel=\"nofollow noopener\" target=\"_blank\"> \u00f6ffentlich-rechtliche Rundfunk von UKW verabschiedet<\/a>. Auch viele Privatsender haben zumindest einen Teil ihrer UKW-Standorte abgeschaltet. \u00dcber DAB+ werden 99,5 Prozent der Bev\u00f6lkerung erreicht. Abgesehen davon, dass jede Sprachregion ihre eigenen Sendernetze hat, werden im Wesentlichen je eine landesweite \u00f6ffentlich-rechtliche und private Bedeckung geboten. Weiter sind regionale und lokale Muxe auf Sendung.<\/p>\n<p>Tschechien<\/p>\n<p>In Tschechien gibt es bereits seit etlichen Jahren ein gut ausgebautes Sendernetz f\u00fcr den \u00f6ffentlich-rechtlichen Rundfunk CRo. Es kann auch in den grenznahen Regionen Deutschlands und \u00d6sterreichs auf Kanal 12C empfangen werden. In Ost\u00f6sterreich alternativ auf 12D.<\/p>\n<p>Lange Zeit wurden Privatprogramme in Tschechien nur \u00fcber ausgesprochen leistungsschwache Senderstandorte ausgestrahlt. Aktuell ist man bereits dabei, neue Sendernetze in Betrieb zu nehmen, die eine vergleichbare Versorgung wie die des \u00f6ffentlich-rechtlichen Rundfunks bieten. Damit werden nun auch die Privaten zu einer merkbaren Gr\u00f6\u00dfe im tschechischen DAB+.<\/p>\n<p>Au\u00dferdem interessant:<\/p>\n<p class=\"isc_image_list_title\">Bildquelle:<\/p>\n<ul class=\"isc_image_list\">\n<li>Fahnen-Europa: \u00a9 tashka2000 &#8211; Fotolia.com<\/li>\n<\/ul>\n","protected":false},"excerpt":{"rendered":"Bild: \u00a9 tashka2000 &#8211; Fotolia.com Auch in den deutschen Nachbarl\u00e4ndern ist DAB+ kein Unbekannter. Der Ausbaugrad variiert jedoch&hellip;\n","protected":false},"author":2,"featured_media":297296,"comment_status":"","ping_status":"","sticky":false,"template":"","format":"standard","meta":{"footnotes":""},"categories":[1772],"tags":[2620,29,3010,35206,214,663,30,1779,810,215],"class_list":{"0":"post-297295","1":"post","2":"type-post","3":"status-publish","4":"format-standard","5":"has-post-thumbnail","7":"category-musik","8":"tag-dab","9":"tag-deutschland","10":"tag-digitalradio","11":"tag-empfang","12":"tag-entertainment","13":"tag-europa","14":"tag-germany","15":"tag-music","16":"tag-musik","17":"tag-unterhaltung"},"share_on_mastodon":{"url":"https:\/\/pubeurope.com\/@de\/114923722865185705","error":""},"_links":{"self":[{"href":"https:\/\/www.europesays.com\/de\/wp-json\/wp\/v2\/posts\/297295","targetHints":{"allow":["GET"]}}],"collection":[{"href":"https:\/\/www.europesays.com\/de\/wp-json\/wp\/v2\/posts"}],"about":[{"href":"https:\/\/www.europesays.com\/de\/wp-json\/wp\/v2\/types\/post"}],"author":[{"embeddable":true,"href":"https:\/\/www.europesays.com\/de\/wp-json\/wp\/v2\/users\/2"}],"replies":[{"embeddable":true,"href":"https:\/\/www.europesays.com\/de\/wp-json\/wp\/v2\/comments?post=297295"}],"version-history":[{"count":0,"href":"https:\/\/www.europesays.com\/de\/wp-json\/wp\/v2\/posts\/297295\/revisions"}],"wp:featuredmedia":[{"embeddable":true,"href":"https:\/\/www.europesays.com\/de\/wp-json\/wp\/v2\/media\/297296"}],"wp:attachment":[{"href":"https:\/\/www.europesays.com\/de\/wp-json\/wp\/v2\/media?parent=297295"}],"wp:term":[{"taxonomy":"category","embeddable":true,"href":"https:\/\/www.europesays.com\/de\/wp-json\/wp\/v2\/categories?post=297295"},{"taxonomy":"post_tag","embeddable":true,"href":"https:\/\/www.europesays.com\/de\/wp-json\/wp\/v2\/tags?post=297295"}],"curies":[{"name":"wp","href":"https:\/\/api.w.org\/{rel}","templated":true}]}}