{"id":297297,"date":"2025-07-27T06:13:11","date_gmt":"2025-07-27T06:13:11","guid":{"rendered":"https:\/\/www.europesays.com\/de\/297297\/"},"modified":"2025-07-27T06:13:11","modified_gmt":"2025-07-27T06:13:11","slug":"stirb-langsam-4-0-mit-bruce-willis-heute-bei-rtl","status":"publish","type":"post","link":"https:\/\/www.europesays.com\/de\/297297\/","title":{"rendered":"Stirb Langsam 4.0 mit Bruce Willis: Heute bei RTL"},"content":{"rendered":"<p>Bei RTL <\/p>\n<p>Bei diesem Film endeten die Dreharbeiten fast in einer Trag\u00f6die<\/p>\n<p>Aktualisiert am 27.07.2025 &#8211; 06:00 UhrLesedauer: 2 Min.<\/p>\n<p><a href=\"#focus-0\" class=\"transition-colors duration-200 focus-within:text-magenta block text-current relative\" data-sctrack=\"FocusGalleryImage.Reference\"><img fetchpriority=\"high\" data-testid=\"Opener.Image\" style=\"--lqipURL:url('https:\/\/images.t-online.de\/2025\/07\/xjRhuV0M2z67\/0x41:800x450\/fit-in\/150x0\/filters:blur(25)\/bruce-willis-in-action-die-dreharbeiten-zu-stirb-langsam-4-0-verlangten-dem-schauspieler-alles-ab.jpg')\"   loading=\"eager\" src=\"https:\/\/www.europesays.com\/de\/wp-content\/uploads\/2025\/07\/bruce-willis-in-action-die-dreharbeiten-zu-stirb-langsam-4-0-verlangten-dem-schauspieler-alles-ab.jp.jpeg\" alt=\"Schauspieler Bruce Willis ist in einer Szene aus dem Actionfilm &quot;Stirb langsam 4.0&quot; zu sehen.\" title=\"Schauspieler Bruce Willis ist in einer Szene aus dem Actionfilm &quot;Stirb langsam 4.0&quot; zu sehen.\" width=\"800\" height=\"450\" class=\"bg-[url:var(--lqipURL)] bg-cover bg-center flex h-full w-full max-w-full\" decoding=\"async\"\/><img style=\"--width:32;--height:32\" loading=\"lazy\" src=\"https:\/\/www.t-online.de\/s\/paper\/_next\/static\/media\/zoom-in.f7dae02f.svg\" alt=\"Vergr\u00f6\u00dfern des Bildes\" title=\"Vergr\u00f6\u00dfern des Bildes\" class=\"block h-[calc(var(--height)_\/_16_*_1rem)] w-[calc(var(--width)_\/_16_*_1rem)] max-w-none absolute bottom-8 right-8 rounded-4 bg-snow p-8\" decoding=\"async\"\/><\/a><\/p>\n<p>Bruce Willis in Action: In den Dreharbeiten zu &#8222;Stirb langsam 4.0&#8220;. (Quelle: 20th Century Fox\/Disney)<\/p>\n<p class=\"font-bold text-18 leading-17\">Bruce Willis gibt in Filmen alles, um sie real wirken zu lassen. Doch beim Dreh von &#8222;Stirb langsam 4.0&#8220; geriet einiges au\u00dfer Kontrolle.<\/p>\n<p class=\"text-18 leading-17\">Voller K\u00f6rpereinsatz geh\u00f6rt bei Actionfilmen zum Alltag. Kleine Verletzungen nehmen Hollywoodstars dabei in Kauf. F\u00fcr <a class=\"transition-colors duration-200 cursor-pointer text-inherit no-underline text-salemsfur md:hover:text-magenta md:hover:border-magenta md:focus:text-magenta border-current border-b border-solid break-words\" href=\"https:\/\/www.t-online.de\/themen\/bruce-willis\/\" data-sctrack=\"BodyAnchor\" target=\"_blank\" rel=\"noopener\">Bruce Willis<\/a> ist das selbstverst\u00e4ndlich \u2013 doch bei den Dreharbeiten zur Fortsetzung &#8222;Stirb langsam 4.0&#8220; h\u00e4tte sein Engagement fast in einer Katastrophe geendet, nicht nur f\u00fcr ihn, sondern auch f\u00fcr einen Stuntman.<\/p>\n<p class=\"text-18 leading-17\">Am 4. Juli, dem amerikanischen Nationalfeiertag, plant ein Unbekannter, die Infrastruktur des Landes lahmzulegen. Mit digitalen Fallen und gezielt platzierter Schadsoftware will er Chaos stiften. Sein Plan scheint perfekt \u2013 doch Old-School-Cop John McClane (Bruce Willis) erkennt die Gefahr.<\/p>\n<p class=\"text-18 leading-17\">Um das Schlimmste zu verhindern, muss McClane mit dem jungen Hacker Matt (Justin Long) zusammenarbeiten. Dessen digitale F\u00e4higkeiten er\u00f6ffnen eine Chance, den Kollaps zu verhindern. Doch der mysteri\u00f6se Angreifer bleibt McClane stets einen Schritt voraus.<\/p>\n<p class=\"text-18 leading-17\">Das Drehbuch von Mark Bomback (&#8222;Wolverine: Weg des Kriegers&#8220;) setzt auf harte K\u00e4mpfe, bei denen die Figuren einiges einstecken m\u00fcssen. Auch Bruce Willis bekam das zu sp\u00fcren: Bei einer Szene traf ihn ein Stuntman versehentlich am Auge und f\u00fcgte ihm eine Risswunde zu. Diese wurde gen\u00e4ht und Willis konnte noch am selben Tag nach Hause gehen.<\/p>\n<p class=\"text-18 leading-17\">Auch ein Crewmitglied entging nur knapp einer Trag\u00f6die, verriet Willis in einem Interview mit dem Spiegel-Magazin: &#8222;Das war ein Unfall. Er ist zehn Meter tief von einer Feuerleiter gefallen, und erst im letzten Moment hat er sich noch abst\u00fctzen k\u00f6nnen, sonst h\u00e4tte er sich den Sch\u00e4del gebrochen. So waren es zum Gl\u00fcck nur die Handgelenke.&#8220;<\/p>\n<p class=\"text-18 leading-17\">Der Vorfall schockierte alle am Set, auch Bruce Willis. Willis hat in seiner Karriere selbst schon einige Stunts durchgef\u00fchrt. In einem Interview mit dem Spiegel \u00e4u\u00dferte er seine Hochachtung vor den Stuntmen: &#8222;Einmal musste ich selbst von einem f\u00fcnfst\u00f6ckigen Parkhaus springen. Unten lag zwar ein Luftsack, aber ich hatte trotzdem Todesangst.&#8220;<\/p>\n<p class=\"text-18 leading-17\">Trotz der Herausforderungen entstand ein beeindruckender Film. Fans und Kritiker sind sich laut dem Bewertungsportal Rotten Tomatoes einig: Mit \u00fcber 80 Prozent Zustimmung z\u00e4hlt der vierte Teil der Reihe zu den beliebtesten Fortsetzungen.<\/p>\n<p class=\"text-18 leading-17\">Der Film l\u00e4uft <strong class=\"font-bold\">heute, Sonntag, 27. Juli 2025, um 20.15 Uhr bei RTL<\/strong>. Wer den Film verpasst hat, kann ihn im Abo bei Disney+ streamen.<\/p>\n<p class=\"text-18 leading-17\">Noch kein Disney+-Abo? Das ganze Paket an Streamingdiensten k\u00f6nnen Sie auch bei Magenta bekommen. Mit <a rel=\"nofollow noopener\" target=\"_blank\" class=\"transition-colors duration-200 cursor-pointer text-inherit no-underline text-salemsfur border-current border-b border-solid ml-[20px] before:ml-[-20px] before:mr-4 before:inline-block before:size-16 before:bg-contain before:bg-left before:bg-no-repeat before:align-middle before:bg-[url:var(--bg-image)] dark:before:bg-[url:var(--bg-image-dark)] hover:border-royalblue hover:text-royalblue before:hover:bg-[url:var(--bg-image-hover)] break-words\" style=\"--bg-image:url(\/s\/paper\/_next\/static\/media\/shopping-cart.b88e429b.svg);--bg-image-dark:url(\/s\/paper\/_next\/static\/media\/shopping-cart-dark-mode.64b56971.svg);--bg-image-hover:url(\/s\/paper\/_next\/static\/media\/shopping-cart-hover.b7103b4e.svg)\" href=\"https:\/\/siren.a.xafl.t-online.de\/?c=100789844&amp;w=110197&amp;p=42877&amp;sp=114854&amp;ct=1&amp;cat=2&amp;s=33&amp;t=2&amp;ce=textlink&amp;ed=9790&amp;url=https%3A%2F%2Fwww.telekom.de%2Fmagenta-tv%2Ftarife-und-optionen%2Fmagenta-tv-mit-app\" data-sctrack=\"BodyAnchor\">Magenta TV<\/a> erhalten Sie Disney+, <a class=\"transition-colors duration-200 cursor-pointer text-inherit no-underline text-salemsfur md:hover:text-magenta md:hover:border-magenta md:focus:text-magenta border-current border-b border-solid break-words\" href=\"https:\/\/www.t-online.de\/themen\/netflix\/\" data-sctrack=\"BodyAnchor\" target=\"_blank\" rel=\"noopener\">Netflix<\/a>, RTL+, <a class=\"transition-colors duration-200 cursor-pointer text-inherit no-underline text-salemsfur md:hover:text-magenta md:hover:border-magenta md:focus:text-magenta border-current border-b border-solid break-words\" href=\"https:\/\/www.t-online.de\/themen\/apple\/\" data-sctrack=\"BodyAnchor\" target=\"_blank\" rel=\"noopener\">Apple<\/a> TV, <a class=\"transition-colors duration-200 cursor-pointer text-inherit no-underline text-salemsfur md:hover:text-magenta md:hover:border-magenta md:focus:text-magenta border-current border-b border-solid break-words\" href=\"https:\/\/www.t-online.de\/themen\/dazn\/\" data-sctrack=\"BodyAnchor\" target=\"_blank\" rel=\"noopener\">Dazn<\/a>, Paramount+ und Wow zum Vorteilspreis in einem <a rel=\"nofollow noopener\" target=\"_blank\" class=\"transition-colors duration-200 cursor-pointer text-inherit no-underline text-salemsfur border-current border-b border-solid ml-[20px] before:ml-[-20px] before:mr-4 before:inline-block before:size-16 before:bg-contain before:bg-left before:bg-no-repeat before:align-middle before:bg-[url:var(--bg-image)] dark:before:bg-[url:var(--bg-image-dark)] hover:border-royalblue hover:text-royalblue before:hover:bg-[url:var(--bg-image-hover)] break-words\" style=\"--bg-image:url(\/s\/paper\/_next\/static\/media\/shopping-cart.b88e429b.svg);--bg-image-dark:url(\/s\/paper\/_next\/static\/media\/shopping-cart-dark-mode.64b56971.svg);--bg-image-hover:url(\/s\/paper\/_next\/static\/media\/shopping-cart-hover.b7103b4e.svg)\" href=\"https:\/\/siren.a.xafl.t-online.de\/?c=100789844&amp;w=110197&amp;p=42877&amp;sp=114854&amp;ct=1&amp;cat=2&amp;s=33&amp;t=2&amp;ce=textlink&amp;ed=9790&amp;url=https%3A%2F%2Fwww.telekom.de%2Fmagenta-tv%2Ftarife-und-optionen%2Fmagenta-tv-mit-app\" data-sctrack=\"BodyAnchor\">Abo<\/a>.<\/p>\n","protected":false},"excerpt":{"rendered":"Bei RTL Bei diesem Film endeten die Dreharbeiten fast in einer Trag\u00f6die Aktualisiert am 27.07.2025 &#8211; 06:00 UhrLesedauer:&hellip;\n","protected":false},"author":2,"featured_media":297298,"comment_status":"","ping_status":"","sticky":false,"template":"","format":"standard","meta":{"footnotes":""},"categories":[1771],"tags":[2971,22439,1778,29,3338,42350,2318,214,30,15646,82063,7453,95,1777,640,215],"class_list":{"0":"post-297297","1":"post","2":"type-post","3":"status-publish","4":"format-standard","5":"has-post-thumbnail","7":"category-kino","8":"tag-2971","9":"tag-bruce-willis","10":"tag-cinema","11":"tag-deutschland","12":"tag-disney","13":"tag-dreh","14":"tag-dreharbeit","15":"tag-entertainment","16":"tag-germany","17":"tag-hacker","18":"tag-justin-long","19":"tag-kampf","20":"tag-kino","21":"tag-movie","22":"tag-rtl","23":"tag-unterhaltung"},"share_on_mastodon":{"url":"https:\/\/pubeurope.com\/@de\/114923727052273399","error":""},"_links":{"self":[{"href":"https:\/\/www.europesays.com\/de\/wp-json\/wp\/v2\/posts\/297297","targetHints":{"allow":["GET"]}}],"collection":[{"href":"https:\/\/www.europesays.com\/de\/wp-json\/wp\/v2\/posts"}],"about":[{"href":"https:\/\/www.europesays.com\/de\/wp-json\/wp\/v2\/types\/post"}],"author":[{"embeddable":true,"href":"https:\/\/www.europesays.com\/de\/wp-json\/wp\/v2\/users\/2"}],"replies":[{"embeddable":true,"href":"https:\/\/www.europesays.com\/de\/wp-json\/wp\/v2\/comments?post=297297"}],"version-history":[{"count":0,"href":"https:\/\/www.europesays.com\/de\/wp-json\/wp\/v2\/posts\/297297\/revisions"}],"wp:featuredmedia":[{"embeddable":true,"href":"https:\/\/www.europesays.com\/de\/wp-json\/wp\/v2\/media\/297298"}],"wp:attachment":[{"href":"https:\/\/www.europesays.com\/de\/wp-json\/wp\/v2\/media?parent=297297"}],"wp:term":[{"taxonomy":"category","embeddable":true,"href":"https:\/\/www.europesays.com\/de\/wp-json\/wp\/v2\/categories?post=297297"},{"taxonomy":"post_tag","embeddable":true,"href":"https:\/\/www.europesays.com\/de\/wp-json\/wp\/v2\/tags?post=297297"}],"curies":[{"name":"wp","href":"https:\/\/api.w.org\/{rel}","templated":true}]}}