{"id":297382,"date":"2025-07-27T07:06:10","date_gmt":"2025-07-27T07:06:10","guid":{"rendered":"https:\/\/www.europesays.com\/de\/297382\/"},"modified":"2025-07-27T07:06:10","modified_gmt":"2025-07-27T07:06:10","slug":"pol-e-muelheim-an-der-ruhr-70-jaehrige-liubov-s-vermisst-1-folgemeldung","status":"publish","type":"post","link":"https:\/\/www.europesays.com\/de\/297382\/","title":{"rendered":"POL-E: M\u00fclheim an der Ruhr: 70-j\u00e4hrige Liubov S. vermisst &#8211; 1. Folgemeldung &#8211; &#8230;"},"content":{"rendered":"<p class=\"date\">27.07.2025 \u2013 08:57<\/p>\n<p class=\"customer\">\n                        <a class=\"story-customer\" title=\"weiter zum newsroom von Polizei Essen\" href=\"https:\/\/www.presseportal.de\/blaulicht\/nr\/11562\" rel=\"nofollow noopener\" target=\"_blank\">Polizei Essen<\/a>\n                    <\/p>\n<p>                                        <a href=\"https:\/\/www.facebook.com\/sharer.php?u=https%3A%2F%2Fwww.presseportal.de%2Fblaulicht%2Fpm%2F11562%2F6084785%2F%3Futm_source%3Dfacebook%26utm_medium%3Dsocial\" class=\"is-default story-sharing-facebook event-trigger\" title=\"Teilen \u00fcber Facebook\" data-event=\"sharing\" data-category=\"sharing\" data-action=\"click\" data-label=\"facebook\" data-url=\"https:\/\/www.facebook.com\/sharer.php?u=https%3A%2F%2Fwww.presseportal.de%2Fblaulicht%2Fpm%2F11562%2F6084785%2F%3Futm_source%3Dfacebook%26utm_medium%3Dsocial\" data-callback=\"popup\" aria-label=\"Teilen \u00fcber Facebook\" rel=\"nofollow noopener\" target=\"_blank\"><\/p>\n<p>        <\/a><br \/>\n                                        <a href=\"https:\/\/twitter.com\/intent\/tweet?text=POL-E%3A%20M%C3%BClheim%20an%20der%20Ruhr%3A%2070-j%C3%A4hrige%20Liubov%20S.%20vermisst%20-%201.%20Folgemeldung%20-%20R%C3%BCcknahme%20der%20Fahndung&amp;url=https%3A%2F%2Fwww.presseportal.de%2Fblaulicht%2Fpm%2F11562%2F6084785%2F%3Futm_source%3Dtwitter%26utm_medium%3Dsocial&amp;hashtags=ots&amp;lang=de\" class=\"is-default story-sharing-x event-trigger\" title=\"Teilen \u00fcber X\" style=\"color:black;font-size:45px\" data-event=\"sharing\" data-category=\"sharing\" data-action=\"click\" data-label=\"x\" data-url=\"https:\/\/twitter.com\/intent\/tweet?text=POL-E%3A%20M%C3%BClheim%20an%20der%20Ruhr%3A%2070-j%C3%A4hrige%20Liubov%20S.%20vermisst%20-%201.%20Folgemeldung%20-%20R%C3%BCcknahme%20der%20Fahndung&amp;url=https%3A%2F%2Fwww.presseportal.de%2Fblaulicht%2Fpm%2F11562%2F6084785%2F%3Futm_source%3Dtwitter%26utm_medium%3Dsocial&amp;hashtags=ots&amp;lang=de\" data-callback=\"popup\" aria-label=\"Teilen \u00fcber X\" rel=\"nofollow noopener\" target=\"_blank\"><\/p>\n<p>        <\/a><br \/>\n                                        <a href=\"https:\/\/web.whatsapp.com\/send?text=POL-E%3A%20M%C3%BClheim%20an%20der%20Ruhr%3A%2070-j%C3%A4hrige%20Liubov%20S.%20vermisst%20-%201.%20Folgemeldung%20-%20R%C3%BCcknahme%20der%20Fahndung%0A%0Ahttps%3A%2F%2Fwww.presseportal.de%2Fblaulicht%2Fpm%2F11562%2F6084785%2F%3Futm_source%3Dwhatsapp%26utm_medium%3Dsocial\" class=\"is-default story-sharing-whatsapp event-trigger\" title=\"Teilen \u00fcber WhatsApp\" data-event=\"sharing\" data-category=\"sharing\" data-action=\"click\" data-label=\"whatsapp\" data-url=\"https:\/\/web.whatsapp.com\/send?text=POL-E%3A%20M%C3%BClheim%20an%20der%20Ruhr%3A%2070-j%C3%A4hrige%20Liubov%20S.%20vermisst%20-%201.%20Folgemeldung%20-%20R%C3%BCcknahme%20der%20Fahndung%0A%0Ahttps%3A%2F%2Fwww.presseportal.de%2Fblaulicht%2Fpm%2F11562%2F6084785%2F%3Futm_source%3Dwhatsapp%26utm_medium%3Dsocial\" data-callback=\"popup\" aria-label=\"Teilen \u00fcber WhatsApp\" rel=\"nofollow noopener\" target=\"_blank\"><\/p>\n<p>        <\/a><br \/>\n                                        <a href=\"https:\/\/www.xing.com\/app\/user?op=share;url=https%3A%2F%2Fwww.presseportal.de%2Fblaulicht%2Fpm%2F11562%2F6084785%2F%3Futm_source%3Dxing%26utm_medium%3Dsocial\" class=\"is-default story-sharing-xing event-trigger\" title=\"Teilen \u00fcber Xing\" data-event=\"sharing\" data-category=\"sharing\" data-action=\"click\" data-label=\"xing\" data-url=\"https:\/\/www.xing.com\/app\/user?op=share;url=https%3A%2F%2Fwww.presseportal.de%2Fblaulicht%2Fpm%2F11562%2F6084785%2F%3Futm_source%3Dxing%26utm_medium%3Dsocial\" data-callback=\"popup\" aria-label=\"Teilen \u00fcber Xing\" rel=\"nofollow noopener\" target=\"_blank\"><\/p>\n<p>        <\/a><br \/>\n                                        <a href=\"https:\/\/www.linkedin.com\/shareArticle?mini=true&amp;url=https%3A%2F%2Fwww.presseportal.de%2Fblaulicht%2Fpm%2F11562%2F6084785%2F%3Futm_source%3Dlinkedin%26utm_medium%3Dsocial&amp;title=POL-E%3A+M%C3%BClheim+an+der+Ruhr%3A+70-j%C3%A4hrige+Liubov+S.+vermisst+-+1.+Folgemeldung+-+R%C3%BCcknahme+der+Fahndung\" class=\"is-default story-sharing-linkedin event-trigger\" title=\"Teilen \u00fcber linkedin\" data-event=\"sharing\" data-category=\"sharing\" data-action=\"click\" data-label=\"linkedin\" data-url=\"https:\/\/www.linkedin.com\/shareArticle?mini=true&amp;url=https%3A%2F%2Fwww.presseportal.de%2Fblaulicht%2Fpm%2F11562%2F6084785%2F%3Futm_source%3Dlinkedin%26utm_medium%3Dsocial&amp;title=POL-E%3A+M%C3%BClheim+an+der+Ruhr%3A+70-j%C3%A4hrige+Liubov+S.+vermisst+-+1.+Folgemeldung+-+R%C3%BCcknahme+der+Fahndung\" data-callback=\"popup\" aria-label=\"Teilen \u00fcber linkedin\" rel=\"nofollow noopener\" target=\"_blank\"><\/p>\n<p>        <\/a><br \/>\n                                        <a href=\"mailto:?subject=POL-E%3A%20M%C3%BClheim%20an%20der%20Ruhr%3A%2070-j%C3%A4hrige%20Liubov%20S.%20vermisst%20-%201.%20Folgemeldung%20-%20R%C3%BCcknahme%20der%20Fahndung&amp;body=https:\/\/www.presseportal.de\/blaulicht\/pm\/11562\/6084785\" class=\"is-default story-sharing-mailit event-trigger\" title=\"Senden\" data-event=\"sharing\" data-category=\"sharing\" data-action=\"click\" data-label=\"mailit\" data-url=\"mailto:?subject=POL-E%3A%20M%C3%BClheim%20an%20der%20Ruhr%3A%2070-j%C3%A4hrige%20Liubov%20S.%20vermisst%20-%201.%20Folgemeldung%20-%20R%C3%BCcknahme%20der%20Fahndung&amp;body=https:\/\/www.presseportal.de\/blaulicht\/pm\/11562\/6084785\" data-callback=\"link\" aria-label=\"Senden\"><\/p>\n<p>        <\/a><\/p>\n<p><a data-category=\"citylink-story-view\" data-action=\"click\" data-label=\"Citylink in Meldungsansicht\" class=\"story-city event-trigger\" href=\"https:\/\/www.presseportal.de\/regional\/Essen\" title=\"News aus Essen \" rel=\"nofollow noopener\" target=\"_blank\">Essen<\/a> (ots)<\/p>\n<p>45468 MH.-Altstadt 1: Mit einem Foto suchte die Polizei nach der vermissten Liubov S. aus M\u00fclheim.<\/p>\n<p>Unsere Ursprungsmeldung vom 23. Juli finden Sie hier:<br \/>\n<a target=\"_blank\" class=\"uri-ext outbound\" rel=\"noopener nofollow\" href=\"https:\/\/essen.polizei.nrw\/presse\/70-jaehrige-liubov-s-vermisst-polizei-bittet-bevoelkerung-um-mithilfe\">https:\/\/essen.polizei.nrw\/presse\/70-jaehrige-liubov-s-vermisst-polizei-bittet-bevoelkerung-um-mithilfe<\/a><\/p>\n<p>Inzwischen konnte die 70-J\u00e4hrige wohlbehalten angetroffen werden. Die Fahndung wird hiermit zur\u00fcckgenommen. Die Polizei bedankt sich auf diesem Weg bei der Bev\u00f6lkerung und den Medien f\u00fcr die Unterst\u00fctzung. Gleichzeitig bitten wir um L\u00f6schung der ver\u00f6ffentlichten Fotos.\/SyC<\/p>\n<p class=\"contact-headline\">R\u00fcckfragen bitte an:<\/p>\n<p class=\"contact-text\">Polizei Essen\/ M\u00fclheim an der Ruhr<br \/>Pressestelle<br \/>Telefon: 0201-829 1065 (au\u00dferhalb der B\u00fcrodienstzeit 0201-829 7230)<br \/>Fax: 0201-829 1069<br \/>E-Mail: <a href=\"https:\/\/www.presseportal.de\/blaulicht\/pm\/11562\/mailto: pressestelle.essen@polizei.nrw.de\" class=\"uri-mailto\" rel=\"nofollow noopener\" target=\"_blank\"> pressestelle.essen@polizei.nrw.de<\/a><\/p>\n<p><a target=\"_blank\" class=\"uri-ext outbound\" rel=\"noopener nofollow\" href=\"https:\/\/twitter.com\/Polizei_NRW_E\">https:\/\/twitter.com\/Polizei_NRW_E<\/a><br \/><a target=\"_blank\" class=\"uri-ext outbound\" rel=\"noopener nofollow\" href=\"http:\/\/www.facebook.com\/PolizeiEssen\">http:\/\/www.facebook.com\/PolizeiEssen<\/a><br \/><a target=\"_blank\" class=\"uri-ext outbound\" rel=\"noopener nofollow\" href=\"https:\/\/www.instagram.com\/polizei.nrw.e\">https:\/\/www.instagram.com\/polizei.nrw.e<\/a><br \/><a target=\"_blank\" class=\"uri-ext outbound\" rel=\"noopener nofollow\" href=\"https:\/\/www.whatsapp.com\/channel\/0029VaEsg0q1CYoUFKnPFk2F\">https:\/\/www.whatsapp.com\/channel\/0029VaEsg0q1CYoUFKnPFk2F<\/a><\/p>\n<p class=\"originator\">Original-Content von: Polizei Essen, \u00fcbermittelt durch news aktuell<\/p>\n<p>                <script async src=\"https:\/\/platform.twitter.com\/widgets.js\" charset=\"utf-8\"><\/script><script async src=\"\/\/www.instagram.com\/embed.js\"><\/script><\/p>\n","protected":false},"excerpt":{"rendered":"27.07.2025 \u2013 08:57 Polizei Essen Essen (ots) 45468 MH.-Altstadt 1: Mit einem Foto suchte die Polizei nach der&hellip;\n","protected":false},"author":2,"featured_media":108,"comment_status":"","ping_status":"","sticky":false,"template":"","format":"standard","meta":{"footnotes":""},"categories":[1834],"tags":[3364,29,3688,30,177,1209,176,121,178,180,179,181],"class_list":{"0":"post-297382","1":"post","2":"type-post","3":"status-publish","4":"format-standard","5":"has-post-thumbnail","7":"category-essen","8":"tag-de","9":"tag-deutschland","10":"tag-essen","11":"tag-germany","12":"tag-kriminalitt","13":"tag-nordrhein-westfalen","14":"tag-nrw","15":"tag-polizei","16":"tag-presse","17":"tag-pressemeldung","18":"tag-pressemitteilung","19":"tag-pressemitteilungen"},"share_on_mastodon":{"url":"https:\/\/pubeurope.com\/@de\/114923935140435607","error":""},"_links":{"self":[{"href":"https:\/\/www.europesays.com\/de\/wp-json\/wp\/v2\/posts\/297382","targetHints":{"allow":["GET"]}}],"collection":[{"href":"https:\/\/www.europesays.com\/de\/wp-json\/wp\/v2\/posts"}],"about":[{"href":"https:\/\/www.europesays.com\/de\/wp-json\/wp\/v2\/types\/post"}],"author":[{"embeddable":true,"href":"https:\/\/www.europesays.com\/de\/wp-json\/wp\/v2\/users\/2"}],"replies":[{"embeddable":true,"href":"https:\/\/www.europesays.com\/de\/wp-json\/wp\/v2\/comments?post=297382"}],"version-history":[{"count":0,"href":"https:\/\/www.europesays.com\/de\/wp-json\/wp\/v2\/posts\/297382\/revisions"}],"wp:featuredmedia":[{"embeddable":true,"href":"https:\/\/www.europesays.com\/de\/wp-json\/wp\/v2\/media\/108"}],"wp:attachment":[{"href":"https:\/\/www.europesays.com\/de\/wp-json\/wp\/v2\/media?parent=297382"}],"wp:term":[{"taxonomy":"category","embeddable":true,"href":"https:\/\/www.europesays.com\/de\/wp-json\/wp\/v2\/categories?post=297382"},{"taxonomy":"post_tag","embeddable":true,"href":"https:\/\/www.europesays.com\/de\/wp-json\/wp\/v2\/tags?post=297382"}],"curies":[{"name":"wp","href":"https:\/\/api.w.org\/{rel}","templated":true}]}}