{"id":297407,"date":"2025-07-27T07:20:12","date_gmt":"2025-07-27T07:20:12","guid":{"rendered":"https:\/\/www.europesays.com\/de\/297407\/"},"modified":"2025-07-27T07:20:12","modified_gmt":"2025-07-27T07:20:12","slug":"das-zamanand-festival-in-muenchen-trotzt-dem-regen-muenchen","status":"publish","type":"post","link":"https:\/\/www.europesays.com\/de\/297407\/","title":{"rendered":"Das Zamanand-Festival in M\u00fcnchen trotzt dem Regen &#8211; M\u00fcnchen"},"content":{"rendered":"<p data-manual=\"paragraph\" data-schema-org-speakable=\"true\" class=\"css-1ylqqlw\">\u201eLeichter Regen? Kein Problem, das Zamanand findet statt!\u201c. Ob es daran lag, dass diese Ansage schon am Freitag auf der <a href=\"https:\/\/zamanand.de\/festival\" target=\"_blank\" rel=\"noopener\">roten Webseite des Zamanand Festivals<\/a> gelb leuchtete und von Anfang an klarmachte, dass sich die Veranstalter nicht beirren lassen w\u00fcrden. Egal, ob es sch\u00fctten w\u00fcrde oder nicht. Oder einfach daran, dass Mitorganisator Manuel Schaumann ein gro\u00dfer Optimist ist\u00a0\u2013 am Ende spielt es keine Rolle: Die Menschen kommen. Mit Schirm, guter Laune und Regencape.<\/p>\n<p data-manual=\"paragraph\" data-schema-org-speakable=\"true\" class=\"css-1ylqqlw\">Schaumann, der tagelang im regen Austausch mit dem Deutschen Wetterdienst stand, soll also in zweierlei Hinsicht recht behalten: Zum einen, dass es Pausen geben w\u00fcrde zwischen den angek\u00fcndigten Schauern. Und: Dass das \u201eZamanand Summer Village\u201c ein besonderes Stammpublikum hat. \u201eUnsere Fangemeinde kommt auch im Regen\u201c, sagt der 43-J\u00e4hrige, der seit 2012 mitorganisiert. Erst das Streetlife-Festival und dann die Nachfolgeveranstaltung, das Zamanand.\u00a0 \u201eAlso haben wir beschlossen, dass wir das durchziehen.\u201c Auf der Ludwigsstra\u00dfe im Regenponcho flanieren. Kein Problem.<\/p>\n<p data-manual=\"paragraph\" data-schema-org-speakable=\"true\" class=\"css-1ylqqlw\">Ja, es regnet am Samstagnachmittag. Immer wieder. Gro\u00dfe Pf\u00fctzen auf dem Boden, kleinere auf den Biertischen. Vielen ist eher nach Kaffee zumute. Aber einige Besucher trotzen dem Nieselregen und schw\u00f6ren mit einem eisgek\u00fchlten Becher Melonenbowle den Sommer herbei. \u201eDas bisserl Regen, das passt schon\u201c, sagt ein Mann und g\u00f6nnt sich einen Schluck Aperol-Spritz. Im bunt gebl\u00fcmten B\u00fchnencontainer auf der Ludwigstra\u00dfe singt Marina Marie von der Liebe. Auf der Welttanzb\u00fchne wird zu Musik von der Gr\u00fcnen Insel gesteppt. Schon geht der Regen, die Schirme werden zugeklappt.<\/p>\n<p data-manual=\"paragraph\" data-schema-org-speakable=\"true\" class=\"css-1ylqqlw\">1000 Helfer haben sechs B\u00fchnen und 100 St\u00e4nde aufgebaut. Normalerweise zieht sich das Festival die ganze Ludwigstra\u00dfe entlang. Doch dieses Mal findet es nur zwischen Oskar-von-Miller-Ring und Odeonsplatz statt. Neu ist aber, dass zum ersten Mal auch der Wittelsbacherplatz bespielt wird. Auch wurde das Festival wegen der Internationalen Automobilausstellung (IAA) Mobility im September vorverlegt.<\/p>\n<p><img decoding=\"async\" alt=\"Kurze Flanierpause unter Schirmen.\" data-manual=\"overline, headerImageCaption, headerImageSrc, headerImageSrcSet\" data-testid=\"responsive-image\" loading=\"lazy\"  src=\"https:\/\/www.europesays.com\/de\/wp-content\/uploads\/2025\/07\/a6cece36-8251-40b7-a306-f2e765d93c27.jpg\"  role=\"button\" tabindex=\"0\" class=\"css-y4bre2\"\/>Kurze Flanierpause unter Schirmen. (Foto: Catherina Hess\/Catherina Hess)<img decoding=\"async\" alt=\"Bier-Pong am Wittelsbacher Platz: Viele Besucher lassen sich die Laune nicht verderben.\" data-manual=\"overline, headerImageCaption, headerImageSrc, headerImageSrcSet\" data-testid=\"responsive-image\" loading=\"lazy\"  src=\"https:\/\/www.europesays.com\/de\/wp-content\/uploads\/2025\/07\/2ed73cab-7251-4a82-b0dc-3bb4066ccf57.jpg\"  role=\"button\" tabindex=\"0\" class=\"css-y4bre2\"\/>Bier-Pong am Wittelsbacher Platz: Viele Besucher lassen sich die Laune nicht verderben. (Foto: Catherina Hess\/Catherina Hess)<\/p>\n<p data-manual=\"paragraph\" data-schema-org-speakable=\"true\" class=\"css-1ylqqlw\">Die kulturelle Vielfalt entdecken, das Zusammenleben in der Stadt neu zu denken, ist eine Vision des Festivals. Dazu geh\u00f6ren die Mobilit\u00e4t, das Klima, aber zum Beispiel auch eine nachhaltige Ern\u00e4hrung. Im Schmuckhof des Landwirtschaftsministeriums geht es um regional erzeugte Produkte. Um neue Wege, Pflanzen anzubauen, die den Klimawandel aushalten k\u00f6nnen. An einem Stand gibt es Lupinen-Kaffee. Schmeckt dieser koffeinlose Kaffee, der aus Lupinenbohnen hergestellt wird?<\/p>\n<p data-manual=\"paragraph\" data-schema-org-speakable=\"true\" class=\"css-1ylqqlw\">\u201eKlar\u201c, sagt Julian Meinecke von der Bayerischen Landesanstalt f\u00fcr Landwirtschaft. \u201eEr schmeckt tats\u00e4chlich nach Kaffee, ist kein Wachmacher, aber viel vertr\u00e4glicher.\u201c Wei\u00dfe Lupinen werden in Bayern auf 2000 Hektar Fl\u00e4che angebaut, erkl\u00e4rt der 28-J\u00e4hrige. Man m\u00fcsse alte und wiederentdeckte Kulturen einfach ausprobieren, sagt er.<\/p>\n<p>Gesundes Pausenbrot mit Erdbeere<\/p>\n<p data-manual=\"paragraph\" data-schema-org-speakable=\"true\" class=\"css-1ylqqlw\">Die kleine Ella, die in die erste Klasse geht, testet im Schmuckhof ihre Riechf\u00e4higkeiten. Dazu schnuppert sie an einigen Dosen. Verzieht ihre Nase. \u201eMhmm, das kenne ich\u201c, sagt sie. \u201eK\u00fcmmel.\u201c\u00a0 Das ist richtig. Dann stellt sie sich noch eine gesunde Pausenbox zusammen. Mit K\u00e4se, Gurke, Brot und einer Erdbeere. Mutter Liliam, 41, freut sich dar\u00fcber. Einmal in der Woche d\u00fcrfe sie ihr Pausenbrot zusammenstellen. Da seien aber dann noch drei Kekse dabei. Zwei f\u00fcr ihre Freundinnen. Ella grinst. Dass man hier etwas Wichtiges \u00fcber gesunde Ern\u00e4hrung erfahre, findet Liliam \u201enur gut\u201c.<\/p>\n<p data-manual=\"paragraph\" data-schema-org-speakable=\"true\" class=\"css-1ylqqlw\">Regen. Regenpause. Regen. Auf dem Wittelsbacherplatz macht dieser Wechsel Caroline Roos doch zu schaffen. Sie und ihr Team haben zum ersten Mal hier die Minirampe f\u00fcr BMX- und Skateboardfahrer aufgebaut. Seit zehn Jahren sind sie beim Zamanand dabei. Sonst steht die Rampe immer auf der Ludwigstra\u00dfe. Den Platz findet Roos super, nur das Wetter \u201ebl\u00f6d\u201c.<\/p>\n<p><img decoding=\"async\" alt=\"Einige BMX-Fahrer zeigen auf der Brienner Stra\u00dfe ihr K\u00f6nnen, weil die aufgebaute Rampe wegen des Regens immer wieder abgedeckt wird.\" data-manual=\"overline, headerImageCaption, headerImageSrc, headerImageSrcSet\" data-testid=\"responsive-image\" loading=\"lazy\"  src=\"https:\/\/www.europesays.com\/de\/wp-content\/uploads\/2025\/07\/4b1b60ef-2711-4219-8724-bba47dc4b2e4.jpg\"  role=\"button\" tabindex=\"0\" class=\"css-y4bre2\"\/>Einige BMX-Fahrer zeigen auf der Brienner Stra\u00dfe ihr K\u00f6nnen, weil die aufgebaute Rampe wegen des Regens immer wieder abgedeckt wird. (Foto: Catherina Hess\/Catherina Hess)<\/p>\n<p data-manual=\"paragraph\" data-schema-org-speakable=\"true\" class=\"css-1ylqqlw\">Denn immer wieder wird die Rampe mit gro\u00dfen, wei\u00dfen Planen abgedeckt, damit sie nicht nass wird. Schlie\u00dflich soll doch noch ein offizieller, internationaler Contest stattfinden. Mit Fahrern aus S\u00fcdamerika und sogar Australien. Aber an Fahren ist gerade nicht zu denken. \u201eDas w\u00e4re im Regen sonst viel zu rutschig\u201c. Roos sagt es. Und lacht trotzdem. \u201eWir haben den Contest noch nie abgesagt. Und morgen ist ja auch noch ein Tag\u201c.<\/p>\n<p data-manual=\"paragraph\" data-schema-org-speakable=\"true\" class=\"css-1ylqqlw\">Das Zamanand findet auch am heutigen Sonntag, von 11 bis 21 Uhr, statt, das gesamte Programm gibt es online unter <a href=\"https:\/\/www.zamanand.de\/\" target=\"_blank\" rel=\"noopener\">www.zamanand.de<\/a>.<\/p>\n","protected":false},"excerpt":{"rendered":"\u201eLeichter Regen? Kein Problem, das Zamanand findet statt!\u201c. Ob es daran lag, dass diese Ansage schon am Freitag&hellip;\n","protected":false},"author":2,"featured_media":297408,"comment_status":"","ping_status":"","sticky":false,"template":"","format":"standard","meta":{"footnotes":""},"categories":[1827],"tags":[2922,772,29,16745,30,2392,1268,4507,2339,6782,149],"class_list":{"0":"post-297407","1":"post","2":"type-post","3":"status-publish","4":"format-standard","5":"has-post-thumbnail","7":"category-muenchen","8":"tag-altstadt","9":"tag-bayern","10":"tag-deutschland","11":"tag-freizeit-in-muenchen","12":"tag-germany","13":"tag-kultur-in-muenchen","14":"tag-muenchen","15":"tag-nachhaltigkeit","16":"tag-oberbayern","17":"tag-odeonsplatz","18":"tag-sueddeutsche-zeitung"},"share_on_mastodon":{"url":"https:\/\/pubeurope.com\/@de\/114923990317277429","error":""},"_links":{"self":[{"href":"https:\/\/www.europesays.com\/de\/wp-json\/wp\/v2\/posts\/297407","targetHints":{"allow":["GET"]}}],"collection":[{"href":"https:\/\/www.europesays.com\/de\/wp-json\/wp\/v2\/posts"}],"about":[{"href":"https:\/\/www.europesays.com\/de\/wp-json\/wp\/v2\/types\/post"}],"author":[{"embeddable":true,"href":"https:\/\/www.europesays.com\/de\/wp-json\/wp\/v2\/users\/2"}],"replies":[{"embeddable":true,"href":"https:\/\/www.europesays.com\/de\/wp-json\/wp\/v2\/comments?post=297407"}],"version-history":[{"count":0,"href":"https:\/\/www.europesays.com\/de\/wp-json\/wp\/v2\/posts\/297407\/revisions"}],"wp:featuredmedia":[{"embeddable":true,"href":"https:\/\/www.europesays.com\/de\/wp-json\/wp\/v2\/media\/297408"}],"wp:attachment":[{"href":"https:\/\/www.europesays.com\/de\/wp-json\/wp\/v2\/media?parent=297407"}],"wp:term":[{"taxonomy":"category","embeddable":true,"href":"https:\/\/www.europesays.com\/de\/wp-json\/wp\/v2\/categories?post=297407"},{"taxonomy":"post_tag","embeddable":true,"href":"https:\/\/www.europesays.com\/de\/wp-json\/wp\/v2\/tags?post=297407"}],"curies":[{"name":"wp","href":"https:\/\/api.w.org\/{rel}","templated":true}]}}