{"id":297444,"date":"2025-07-27T07:42:13","date_gmt":"2025-07-27T07:42:13","guid":{"rendered":"https:\/\/www.europesays.com\/de\/297444\/"},"modified":"2025-07-27T07:42:13","modified_gmt":"2025-07-27T07:42:13","slug":"polizei-loest-queere-palaestina-demo-in-berlin-auf","status":"publish","type":"post","link":"https:\/\/www.europesays.com\/de\/297444\/","title":{"rendered":"Polizei l\u00f6st queere Pal\u00e4stina-Demo in Berlin auf"},"content":{"rendered":"<p class=\"metatextline\">Stand: 27.07.2025 08:15 Uhr<\/p>\n<p class=\"textabsatz columns twelve  m-ten  m-offset-one l-eight l-offset-two\">\n        <strong>Die Polizei hat eine queere Demo in Berlin-Kreuzberg aufgel\u00f6st. Bei dieser stand der Gaza-Krieg im Fokus. Nach eigenen Angaben entschieden sich die Beamten wegen Angriffen und antisemitischer Parolen f\u00fcr den Abbruch.<\/strong>\n    <\/p>\n<p class=\"textabsatz m-ten m-offset-one l-eight l-offset-two columns twelve\">\nParallel zur gro\u00dfen <a href=\"https:\/\/www.rbb24.de\/politik\/beitrag\/2025\/07\/christopher-street-day-berlin-csd-demonstration.html\" title=\"Hauptveranstaltung\" class=\"textlink--extern\" target=\"_blank\" rel=\"noopener nofollow\">Hauptveranstaltung<\/a> fand am Christopher Street Day in Berlin eine weitere queere Demo statt. Dabei spielte die Lage in Gaza eine zentrale Rolle.<br \/>\u00a0<br \/>Rund 10.000 Menschen haben nach Sch\u00e4tzungen der Polizei an der propal\u00e4stinensisch gepr\u00e4gten &#8222;Internationalist Queer Pride for Liberation&#8220; teilgenommen. Wie die Polizei mitteilte, l\u00f6ste sie die Demo nach wiederholten Angriffen auf Beamte und antisemitische Parolen vor dem geplanten Ende auf. Die Veranstaltung startete am Nachmittag am S\u00fcdkreuz und sollte eigentlich gegen 21 Uhr am Oranienplatz enden.<\/p>\n<p>            <img loading=\"lazy\" decoding=\"async\" class=\"ts-image\" src=\"https:\/\/www.europesays.com\/de\/wp-content\/uploads\/2025\/07\/rbb-video-rbb24-26-07-2025-material-telenewsnetwork-102.jpg\" alt=\"&quot;Love is for everyone&quot; steht auf dem Shirt eines Teilnehmers mit regenbogenfarbenen Fl\u00fcgeln bei der 47. Berlin Pride, der Demonstration zum Christopher Street Day (CSD) am 26.07.2025. (Quelle: dpa\/Bernd von Jutrczenka)\" title=\"Video: rbb|24 | 26.07.2025 | Material: rbb, TeleNewsNetwork | dpa\/Bernd von Jutrczenka\"\/><\/p>\n<p>Hunderttausende bei CSD-Demo in Berlin \u2013 Festnahmen bei kleinem Gegenprotest<\/p>\n<p>            In Berlin ist am Samstag die bunteste Gro\u00dfdemo des Jahres durch die Stadt gezogen: Zum CSD versammelten sich bei mildem, tr\u00fcbem Wetter Hunderttausende. Bei einem kleinen Gegenprotest gab es Festnahmen.<a href=\"https:\/\/www.rbb24.de\/politik\/beitrag\/2025\/07\/christopher-street-day-berlin-csd-demonstration.html\" title=\"mehr\" class=\"textlink--extern\" target=\"_blank\" rel=\"noopener nofollow\">mehr<\/a><\/p>\n<p>    Flaschenw\u00fcrfe und Schl\u00e4ge mit Fahnenstangen<\/p>\n<p class=\"textabsatz m-ten m-offset-one l-eight l-offset-two columns twelve\">\nMehrere Beamte wurden den Angaben der Polizei zufolge verletzt. Es soll unter anderem Flaschenw\u00fcrfe und gezielte Schl\u00e4ge mit Fahnenstangen gegeben haben. Zudem seien Polizisten mit Farbbeuteln beworfen worden. Bei der Festnahme von Personen, habe die Polizei k\u00f6rperlichen Zwang angewendet.<br \/>\u00a0<br \/>Trotz mehrmaliger Aufforderungen habe die Versammlungsleitung nicht entscheidend auf die Teilnehmenden einwirken k\u00f6nnen, hie\u00df es zur Begr\u00fcndung der fr\u00fchzeitigen Aufl\u00f6sung der Demo.<br \/>\u00a0<br \/>Gegen 21 Uhr waren einer Polizeisprecherin bislang rund 30 Festnahmen bekannt. Die Zahl werde ihren Angaben nach aber sicher noch steigen, es w\u00fcrden nach wie vor Leute festgenommen.<\/p>\n<p>            <img loading=\"lazy\" decoding=\"async\" class=\"ts-image\" src=\"https:\/\/www.europesays.com\/de\/wp-content\/uploads\/2025\/07\/rbb-520929872-102.jpg\" alt=\"Archivbild: Pal\u00e4stinensische Fahnen werden w\u00e4hrend einer propal\u00e4stinensischen Demonstration hinter Polizeibeamten geschwungen. (Quelle: dpa\/Gollnow)\" title=\"520929872 | dpa\/Gollnow\"\/><\/p>\n<p>Europarat sieht Meinungsfreiheit bei Gaza-Demos eingeschr\u00e4nkt<\/p>\n<p>            Der Menschenrechtskommissar des Europarats kritisiert das Vorgehen der deutschen Beh\u00f6rden bei Gaza-Protesten. Er sieht die Meinungsfreiheit in Gefahr. Was sagen Berliner Polizei und Senat zu den Vorw\u00fcrfen? Von Yasser Speck<a href=\"https:\/\/www.rbb24.de\/politik\/beitrag\/2025\/06\/berlin-gaza-demonstrationen-proteste-europarat-meinungsfreiheit-polizei.html\" title=\"mehr\" class=\"textlink--extern\" target=\"_blank\" rel=\"noopener nofollow\">mehr<\/a><\/p>\n<p>    Polizei immer wieder auch in der Kritik<\/p>\n<p class=\"textabsatz m-ten m-offset-one l-eight l-offset-two columns twelve\">\nUnter den 10.000 Teilnehmenden seien &#8222;rund 800 Personen mit pro-pal\u00e4stinischem Bezug&#8220;, teilte die Polizei auf X mit. Zahlreiche Protestierende hatten Pal\u00e4stina-Fahnen und sogenannte Pal\u00e4stinenser-T\u00fccher, auch Kufiya genannt, dabei. Die Veranstalter fordertenn Solidarit\u00e4t f\u00fcr Pal\u00e4stina und rufen zu einem &#8222;antikolonialen, antirassistischen, antikapitalistischen Freiheitskampf&#8220; auf.<br \/>\u00a0<br \/>Der Regierende B\u00fcrgermeister Kai Wegner hatte sich im Vorhinein auf Welt TV zu der Demonstration ge\u00e4u\u00dfert: &#8222;Da, wo Antisemitismus, wo Gewalt gegen Polizeikr\u00e4fte angewendet wird, wird die Polizei robust und konsequent mit ganzer Unterst\u00fctzung des Regierenden B\u00fcrgermeisters einschreiten&#8220;, sagte der CDU-Politiker dem Fernsehsender.<br \/>\u00a0<br \/>Die Berliner Polizei stand in der Vergangenheit immer wieder in der Kritik &#8222;exzessive Gewalt&#8220; bei Demonstrationen gegen den Gaza-Krieg angewendet zu haben, zuletzt auch vom <a href=\"https:\/\/www.rbb24.de\/politik\/beitrag\/2025\/06\/berlin-gaza-demonstrationen-proteste-europarat-meinungsfreiheit-polizei.html\" title=\"Menschenrechtskommissar des Europarats\" class=\"textlink--extern\" target=\"_blank\" rel=\"noopener nofollow\">Menschenrechtskommissar des Europarats<\/a>.<\/p>\n<p class=\"textabsatz m-ten m-offset-one l-eight l-offset-two columns twelve\">\nWir mussten die Kommentarfunktion aus technischen Gr\u00fcnden bis auf Weiteres bei allen Beitr\u00e4gen schlie\u00dfen. Bei \u00e4lteren Beitr\u00e4gen wird die Kommentarfunktion automatisch geschlossen.<\/p>\n<p class=\"textabsatz m-ten m-offset-one l-eight l-offset-two columns twelve\">\nSendung:<\/p>\n<p>                                        <a class=\"backlink__link\" href=\"https:\/\/www.rbb24.de\/panorama\/beitrag\/2025\/07\/berlin-demo-international-queer-pride-for-liberation-pro-palaestina.html\" rel=\"nofollow noopener\" target=\"_blank\"><\/p>\n<p>                                                <img decoding=\"async\" src=\"https:\/\/images.tagesschau.de\/image\/898f19c3-6760-4be2-a33f-1fa765216ec2\/AAABlap_olM\/AAABkZLrr6A\/original\/lra-rbb-logo-100.svg\" alt=\"Rundfunk Berlin-Brandenburg\"\/><\/p>\n<p>                                        <\/a><\/p>\n","protected":false},"excerpt":{"rendered":"Stand: 27.07.2025 08:15 Uhr Die Polizei hat eine queere Demo in Berlin-Kreuzberg aufgel\u00f6st. Bei dieser stand der Gaza-Krieg&hellip;\n","protected":false},"author":2,"featured_media":297445,"comment_status":"","ping_status":"","sticky":false,"template":"","format":"standard","meta":{"footnotes":""},"categories":[2],"tags":[296,29,30,13,14,15,2239,12,10,8,9,11],"class_list":{"0":"post-297444","1":"post","2":"type-post","3":"status-publish","4":"format-standard","5":"has-post-thumbnail","7":"category-deutschland","8":"tag-berlin","9":"tag-deutschland","10":"tag-germany","11":"tag-headlines","12":"tag-nachrichten","13":"tag-news","14":"tag-rbb","15":"tag-schlagzeilen","16":"tag-top-news","17":"tag-top-meldungen","18":"tag-topmeldungen","19":"tag-topnews"},"share_on_mastodon":{"url":"https:\/\/pubeurope.com\/@de\/114924077483724891","error":""},"_links":{"self":[{"href":"https:\/\/www.europesays.com\/de\/wp-json\/wp\/v2\/posts\/297444","targetHints":{"allow":["GET"]}}],"collection":[{"href":"https:\/\/www.europesays.com\/de\/wp-json\/wp\/v2\/posts"}],"about":[{"href":"https:\/\/www.europesays.com\/de\/wp-json\/wp\/v2\/types\/post"}],"author":[{"embeddable":true,"href":"https:\/\/www.europesays.com\/de\/wp-json\/wp\/v2\/users\/2"}],"replies":[{"embeddable":true,"href":"https:\/\/www.europesays.com\/de\/wp-json\/wp\/v2\/comments?post=297444"}],"version-history":[{"count":0,"href":"https:\/\/www.europesays.com\/de\/wp-json\/wp\/v2\/posts\/297444\/revisions"}],"wp:featuredmedia":[{"embeddable":true,"href":"https:\/\/www.europesays.com\/de\/wp-json\/wp\/v2\/media\/297445"}],"wp:attachment":[{"href":"https:\/\/www.europesays.com\/de\/wp-json\/wp\/v2\/media?parent=297444"}],"wp:term":[{"taxonomy":"category","embeddable":true,"href":"https:\/\/www.europesays.com\/de\/wp-json\/wp\/v2\/categories?post=297444"},{"taxonomy":"post_tag","embeddable":true,"href":"https:\/\/www.europesays.com\/de\/wp-json\/wp\/v2\/tags?post=297444"}],"curies":[{"name":"wp","href":"https:\/\/api.w.org\/{rel}","templated":true}]}}