{"id":297484,"date":"2025-07-27T08:08:11","date_gmt":"2025-07-27T08:08:11","guid":{"rendered":"https:\/\/www.europesays.com\/de\/297484\/"},"modified":"2025-07-27T08:08:11","modified_gmt":"2025-07-27T08:08:11","slug":"usa-verurteilen-haftbefehle-hongkongs-gegen-im-ausland-lebende-aktivisten","status":"publish","type":"post","link":"https:\/\/www.europesays.com\/de\/297484\/","title":{"rendered":"USA verurteilen Haftbefehle Hongkongs gegen im Ausland lebende Aktivisten"},"content":{"rendered":"<p>Die Vereinigten Staaten haben am Samstag die Ausstellung von Haftbefehlen durch die Regierung Hongkongs gegen im Ausland lebende Aktivisten, darunter auch in den USA ans\u00e4ssige Personen, scharf verurteilt.<\/p>\n<p>\u201eWir werden es nicht dulden, dass die Regierung Hongkongs versucht, ihre nationalen Sicherheitsgesetze anzuwenden, um Amerikaner oder irgendjemanden auf amerikanischem Boden zum Schweigen zu bringen oder einzusch\u00fcchtern\u201c, erkl\u00e4rte US-Au\u00dfenminister Rubio in einer Stellungnahme. Er f\u00fcgte hinzu: \u201eDie Regierung Hongkongs untergr\u00e4bt weiterhin die Autonomie, die Peking selbst dem Volk von Hongkong nach der \u00dcbergabe 1997 zugesichert hat.\u201c<\/p>\n","protected":false},"excerpt":{"rendered":"Die Vereinigten Staaten haben am Samstag die Ausstellung von Haftbefehlen durch die Regierung Hongkongs gegen im Ausland lebende&hellip;\n","protected":false},"author":2,"featured_media":297485,"comment_status":"","ping_status":"","sticky":false,"template":"","format":"standard","meta":{"footnotes":""},"categories":[3977],"tags":[331,332,665,13,14,15,12,4017,4018,4016,64,4019,4020],"class_list":{"0":"post-297484","1":"post","2":"type-post","3":"status-publish","4":"format-standard","5":"has-post-thumbnail","7":"category-usa","8":"tag-aktuelle-nachrichten","9":"tag-aktuelle-news","10":"tag-boerse","11":"tag-headlines","12":"tag-nachrichten","13":"tag-news","14":"tag-schlagzeilen","15":"tag-united-states","16":"tag-united-states-of-america","17":"tag-us","18":"tag-usa","19":"tag-vereinigte-staaten","20":"tag-vereinigte-staaten-von-amerika"},"share_on_mastodon":{"url":"https:\/\/pubeurope.com\/@de\/114924178798037069","error":""},"_links":{"self":[{"href":"https:\/\/www.europesays.com\/de\/wp-json\/wp\/v2\/posts\/297484","targetHints":{"allow":["GET"]}}],"collection":[{"href":"https:\/\/www.europesays.com\/de\/wp-json\/wp\/v2\/posts"}],"about":[{"href":"https:\/\/www.europesays.com\/de\/wp-json\/wp\/v2\/types\/post"}],"author":[{"embeddable":true,"href":"https:\/\/www.europesays.com\/de\/wp-json\/wp\/v2\/users\/2"}],"replies":[{"embeddable":true,"href":"https:\/\/www.europesays.com\/de\/wp-json\/wp\/v2\/comments?post=297484"}],"version-history":[{"count":0,"href":"https:\/\/www.europesays.com\/de\/wp-json\/wp\/v2\/posts\/297484\/revisions"}],"wp:featuredmedia":[{"embeddable":true,"href":"https:\/\/www.europesays.com\/de\/wp-json\/wp\/v2\/media\/297485"}],"wp:attachment":[{"href":"https:\/\/www.europesays.com\/de\/wp-json\/wp\/v2\/media?parent=297484"}],"wp:term":[{"taxonomy":"category","embeddable":true,"href":"https:\/\/www.europesays.com\/de\/wp-json\/wp\/v2\/categories?post=297484"},{"taxonomy":"post_tag","embeddable":true,"href":"https:\/\/www.europesays.com\/de\/wp-json\/wp\/v2\/tags?post=297484"}],"curies":[{"name":"wp","href":"https:\/\/api.w.org\/{rel}","templated":true}]}}