{"id":297492,"date":"2025-07-27T08:14:17","date_gmt":"2025-07-27T08:14:17","guid":{"rendered":"https:\/\/www.europesays.com\/de\/297492\/"},"modified":"2025-07-27T08:14:17","modified_gmt":"2025-07-27T08:14:17","slug":"extremwetter-tuerkei-meldet-hitzerekord-von-505-grad","status":"publish","type":"post","link":"https:\/\/www.europesays.com\/de\/297492\/","title":{"rendered":"Extremwetter: T\u00fcrkei meldet Hitzerekord von 50,5 Grad"},"content":{"rendered":"<p>\n                        Im S\u00fcdosten der T\u00fcrkei sind die Temperaturen auf mehr als 50 Grad gestiegen. Das sind die bisher h\u00f6chsten, jemals registrierten Temperaturen in dem Land.\n                    <\/p>\n<p>        Ihr Browser unterst\u00fctzt die Wiedergabe von Audio Dateien nicht. Download der Datei als mp3: https:\/\/zon-speechbert-production.s3.eu-central-1.amazonaws.com\/articles\/2bfe314a-7bd7-4daa-807c-9327f78a5912\/full_cc48596c551a7e182ea5a86f7c4a2769d9a8f9c5813443f2ad2c8265436c4d8a6daa9cdb73835d70a11e5efb56263c90.mp3    <\/p>\n<p>        1 Min.<\/p>\n<p>        -1:17<\/p>\n<p>            0.5x<br \/>\n            0.75x<br \/>\n            1.0x<br \/>\n            1.25x<br \/>\n            1.5x<br \/>\n            2.0x<\/p>\n<p>    <a class=\"z-text-button\" href=\"#comments\" title=\"Kommentare anzeigen\" data-ct-row=\"comments\" data-ct-column=\"false\"><\/p>\n<p>            129<br \/>\n            Kommentare<br \/>\n        <\/a><br \/>\n    Zusammenfassen<\/p>\n<p>                Schlie\u00dfen<br \/>\n                Artikelzusammenfassung<\/p>\n<p>Das t\u00fcrkische Umweltministerium meldet einen Hitzerekord: In Silopi stiegen die Temperaturen auf 50,5 Grad, ein neuer Rekord. Die Hitzewelle in der T\u00fcrkei h\u00e4lt an, begleitet von gro\u00dfen Waldbr\u00e4nden im Westen des Landes. Einsatzkr\u00e4fte evakuieren Wohngebiete, w\u00e4hrend die Feuerwehr in Karab\u00fck gegen die Flammen k\u00e4mpft. In Eski\u015fehir forderte ein Waldbrand bereits zehn Menschenleben, w\u00e4hrend Beschr\u00e4nkungen f\u00fcr den Wasserverbrauch in verschiedenen Orten gelten.<\/p>\n<p>                Dies ist ein experimentelles Tool. Die Resultate k\u00f6nnen unvollst\u00e4ndig, veraltet oder sogar falsch sein.<\/p>\n<p class=\"summy__feedback-paragraph\">Fanden Sie die Zusammenfassung hilfreich? <\/p>\n<p>                        Gef\u00e4llt mir<\/p>\n<p>                        Gef\u00e4llt mir<\/p>\n<p>                        Gef\u00e4llt mir nicht<\/p>\n<p>                        Gef\u00e4llt mir nicht<\/p>\n<p>                        Send<\/p>\n<p>        Diese Audioversion wurde k\u00fcnstlich erzeugt.<\/p>\n<p>                        Schlie\u00dfen<br \/>\n                        Die Audioversion dieses Artikels wurde k\u00fcnstlich erzeugt.<br \/>\n                        Wir entwickeln dieses Angebot stetig weiter und freuen uns \u00fcber <a href=\"https:\/\/www.zeit.de\/gesellschaft\/zeitgeschehen\/2025-07\/mailto:audiofeedback@zeit.de?subject=Feedback%20TTS\" target=\"_blank\" rel=\"noopener\">Ihr Feedback<\/a>.<\/p>\n<p>            <img decoding=\"async\" class=\"article__media-item\" src=\"https:\/\/www.europesays.com\/de\/wp-content\/uploads\/2025\/07\/1753604057_319_wide__1000x562.jpeg\" alt=\"Extremwetter: In Silopi im S\u00fcdosten der T\u00fcrkei wurde ein neuer t\u00fcrkischer Hitzerekord von mehr als 50 Grad registriert.\"\/><\/p>\n<p>                    In Silopi im S\u00fcdosten der T\u00fcrkei wurde ein neuer t\u00fcrkischer Hitzerekord von mehr als 50 Grad registriert.<br \/>\n            \u00a9\u00a0Umit Bektas\/\u200bReuters<\/p>\n<p class=\"paragraph article__item\">Das t\u00fcrkische Umweltministerium hat einen Hitzerekord mitgeteilt. Die Temperaturen stiegen in Silopi im S\u00fcdosten der <a class=\"rtr-entity\" href=\"https:\/\/www.zeit.de\/thema\/tuerkei\" target=\"_blank\" rel=\"noopener\">T\u00fcrkei<\/a> am Freitag auf bis zu 50,5 Grad. Das war die bisher <a href=\"https:\/\/www.zeit.de\/wissen\/umwelt\/2025-07\/hitzerekord-juni-europa-copernicus-2025\" class=\"\" target=\"_blank\" rel=\"noopener\">h\u00f6chste, jemals registrierte Temperatur<\/a>. Der bisherige Rekord lag bei 49,5 Grad im August 2023.\n<\/p>\n<p class=\"paragraph article__item\">In der T\u00fcrkei dauert <a href=\"https:\/\/www.zeit.de\/gesellschaft\/zeitgeschehen\/2025-07\/hitzewelle-suedeuropa-italien-tuerkei-griechenland-45-grad\" class=\"\" target=\"_blank\" rel=\"noopener\">die Hitzewelle aktuell<\/a> weiter an.\u00a0Derzeit k\u00e4mpfen Einsatzkr\u00e4fte gegen zwei gro\u00dfe <a href=\"https:\/\/www.zeit.de\/politik\/ausland\/2025-07\/waldbrand-frankreich-marseille-hitze-feuer-hafenstadt\" class=\"\" target=\"_blank\" rel=\"noopener\">Waldbr\u00e4nde<\/a> im Westen des Landes.\u00a0In der Provinz Bursa kamen die Flammen nah an Wohngegenden heran, etwa 1.300 Menschen seien in Sicherheit gebracht worden, sagte Verkehrsminister Abdulkadir Uralo\u011flu.\u00a0\n<\/p>\n<p class=\"paragraph article__item\">In der nordwestt\u00fcrkischen Provinz Karab\u00fck k\u00e4mpfte die Feuerwehr bereits den vierten Tag in Folge <a href=\"https:\/\/www.zeit.de\/video\/2025-07\/waldbraende-hitze-feuer-video\" class=\"\" target=\"_blank\" rel=\"noopener\">gegen die Flammen<\/a>. Offiziellen Angaben zufolge wurden dort 14 D\u00f6rfer evakuiert. Bei einem Waldbrand in Eski\u015fehir im Westen des Landes starben am Mittwoch <a href=\"https:\/\/www.zeit.de\/gesellschaft\/zeitgeschehen\/2025-07\/hitze-frankreich-spanien-schweiz-tote-akw\" class=\"\" target=\"_blank\" rel=\"noopener\">zehn Menschen<\/a>.\n<\/p>\n<p class=\"paragraph article__item\">In mehreren Orten gibt es mittlerweile Beschr\u00e4nkungen f\u00fcr den Wasserverbrauch, unter anderem auch im Urlaubsort\u00a0\u00c7e\u015fme\u00a0in der N\u00e4he von Izmir an der Westk\u00fcste.\u00a0\n<\/p>\n<p>Mehr zum Thema<\/p>\n<p>                <a href=\"https:\/\/www.zeit.de\/2025\/30\/hitzeresistentes-bauen-intelligente-fassade-klimawandel\" data-ct-label=\"Hitzeresistentes Bauen: Stellen Sie sich vor, H\u00e4user k\u00fchlen ihre Umgebung\" target=\"_blank\" rel=\"noopener\"><\/p>\n<p>        Z+ (abopflichtiger Inhalt);<\/p>\n<p>    Hitzeresistentes Bauen:<br \/>\n                        Stellen Sie sich vor, H\u00e4user k\u00fchlen ihre Umgebung<\/p>\n<p>                <\/a><\/p>\n<p>                <a href=\"https:\/\/www.zeit.de\/2025\/29\/erderwaermung-klimawandel-forschung-anstieg-hitze\" data-ct-label=\"Erderw\u00e4rmung: Was wissen wir \u00fcber den Klimawandel?\" target=\"_blank\" rel=\"noopener\"><\/p>\n<p>        Z+ (abopflichtiger Inhalt);<\/p>\n<p>    Erderw\u00e4rmung:<br \/>\n                        Was wissen wir \u00fcber den Klimawandel?<\/p>\n<p>                <\/a><\/p>\n<p>                <a href=\"https:\/\/www.zeit.de\/wirtschaft\/2025-07\/kuehlwasser-kernkraftwerke-frankreich-hitzewelle-schweiz\" data-ct-label=\"K\u00fchlwasser f\u00fcr Kernkraftwerke: Frankreichs Atomkraftwerke \u00fcberhitzen\" target=\"_blank\" rel=\"noopener\"><\/p>\n<p>        Z+ (abopflichtiger Inhalt);<\/p>\n<p>    K\u00fchlwasser f\u00fcr Kernkraftwerke:<br \/>\n                        Frankreichs Atomkraftwerke \u00fcberhitzen<\/p>\n<p>                <\/a><\/p>\n","protected":false},"excerpt":{"rendered":"Im S\u00fcdosten der T\u00fcrkei sind die Temperaturen auf mehr als 50 Grad gestiegen. Das sind die bisher h\u00f6chsten,&hellip;\n","protected":false},"author":2,"featured_media":297493,"comment_status":"","ping_status":"","sticky":false,"template":"","format":"standard","meta":{"footnotes":""},"categories":[5],"tags":[331,332,3364,29,17989,30,1724,13,73763,952,14,15,12,143,5666,1973],"class_list":{"0":"post-297492","1":"post","2":"type-post","3":"status-publish","4":"format-standard","5":"has-post-thumbnail","7":"category-nachrichten","8":"tag-aktuelle-nachrichten","9":"tag-aktuelle-news","10":"tag-de","11":"tag-deutschland","12":"tag-extremwetter","13":"tag-germany","14":"tag-gesellschaft","15":"tag-headlines","16":"tag-hitzerekord","17":"tag-klimawandel","18":"tag-nachrichten","19":"tag-news","20":"tag-schlagzeilen","21":"tag-tuerkei","22":"tag-waldbrand","23":"tag-wetter"},"share_on_mastodon":{"url":"https:\/\/pubeurope.com\/@de\/114924202596869377","error":""},"_links":{"self":[{"href":"https:\/\/www.europesays.com\/de\/wp-json\/wp\/v2\/posts\/297492","targetHints":{"allow":["GET"]}}],"collection":[{"href":"https:\/\/www.europesays.com\/de\/wp-json\/wp\/v2\/posts"}],"about":[{"href":"https:\/\/www.europesays.com\/de\/wp-json\/wp\/v2\/types\/post"}],"author":[{"embeddable":true,"href":"https:\/\/www.europesays.com\/de\/wp-json\/wp\/v2\/users\/2"}],"replies":[{"embeddable":true,"href":"https:\/\/www.europesays.com\/de\/wp-json\/wp\/v2\/comments?post=297492"}],"version-history":[{"count":0,"href":"https:\/\/www.europesays.com\/de\/wp-json\/wp\/v2\/posts\/297492\/revisions"}],"wp:featuredmedia":[{"embeddable":true,"href":"https:\/\/www.europesays.com\/de\/wp-json\/wp\/v2\/media\/297493"}],"wp:attachment":[{"href":"https:\/\/www.europesays.com\/de\/wp-json\/wp\/v2\/media?parent=297492"}],"wp:term":[{"taxonomy":"category","embeddable":true,"href":"https:\/\/www.europesays.com\/de\/wp-json\/wp\/v2\/categories?post=297492"},{"taxonomy":"post_tag","embeddable":true,"href":"https:\/\/www.europesays.com\/de\/wp-json\/wp\/v2\/tags?post=297492"}],"curies":[{"name":"wp","href":"https:\/\/api.w.org\/{rel}","templated":true}]}}