{"id":297515,"date":"2025-07-27T08:27:14","date_gmt":"2025-07-27T08:27:14","guid":{"rendered":"https:\/\/www.europesays.com\/de\/297515\/"},"modified":"2025-07-27T08:27:14","modified_gmt":"2025-07-27T08:27:14","slug":"jeder-dritte-kann-sich-keine-woche-urlaub-leisten","status":"publish","type":"post","link":"https:\/\/www.europesays.com\/de\/297515\/","title":{"rendered":"Jeder Dritte kann sich keine Woche Urlaub leisten"},"content":{"rendered":"<p>Bundesweites Schlusslicht <\/p>\n<p>In Bremen kann sich jeder Dritte keine Woche Urlaub leisten<\/p>\n<p>27.07.2025 &#8211; 10:04 UhrLesedauer: 2 Min.<\/p>\n<p><a href=\"#focus-0\" class=\"transition-colors duration-200 focus-within:text-magenta block text-current relative\" data-sctrack=\"FocusGalleryImage.Reference\"><img fetchpriority=\"high\" data-testid=\"Opener.Image\" style=\"--lqipURL:url('https:\/\/images.t-online.de\/2025\/07\/a4Cnoqok4a8g\/0x209:4000x2250\/fit-in\/150x0\/filters:blur(25)\/ueberfuellter-strand-von-st-peter-ording-deutschland-schleswig-holstein-st-peter-ording-crowded-beach-of-st-peter-ording-germany-schleswig-holstein-st-peter-ording-blws266433.jpg')\"   loading=\"eager\" src=\"https:\/\/www.europesays.com\/de\/wp-content\/uploads\/2025\/07\/ueberfuellter-strand-von-st-peter-ording-deutschland-schleswig-holstein-st-peter-ording-crowded-beac.jpeg\" alt=\"Eine Woche am Strand \u2013 oder auch nur bei Freunden - ist f\u00fcr viele Menschen zu teuer: In Bremen ganz besonders.\" title=\"Eine Woche am Strand \u2013 oder auch nur bei Freunden - ist f\u00fcr viele Menschen zu teuer: In Bremen ganz besonders.\" width=\"4000\" height=\"2250\" class=\"bg-[url:var(--lqipURL)] bg-cover bg-center flex h-full w-full max-w-full\" decoding=\"async\"\/><img style=\"--width:32;--height:32\" loading=\"lazy\" src=\"https:\/\/www.t-online.de\/s\/paper\/_next\/static\/media\/zoom-in.f7dae02f.svg\" alt=\"Vergr\u00f6\u00dfern des Bildes\" title=\"Vergr\u00f6\u00dfern des Bildes\" class=\"block h-[calc(var(--height)_\/_16_*_1rem)] w-[calc(var(--width)_\/_16_*_1rem)] max-w-none absolute bottom-8 right-8 rounded-4 bg-snow p-8\" decoding=\"async\"\/><\/a><\/p>\n<p>Eine Woche am Strand \u2013 oder auch nur bei Freunden &#8211; ist f\u00fcr viele Menschen zu teuer: In Bremen ganz besonders. (Quelle: imago stock&amp;people\/imago)<\/p>\n<p class=\"font-bold text-18 leading-17\">Die Hansestadt liegt damit weit \u00fcber dem Bundesdurchschnitt. Alleinerziehende trifft die finanzielle Not besonders hart: Mehr als die H\u00e4lfte muss auf Ferien verzichten.<\/p>\n<p class=\"text-18 leading-17\">In keinem anderen Bundesland m\u00fcssen so viele Menschen auf Urlaub verzichten wie in <a class=\"transition-colors duration-200 cursor-pointer text-inherit no-underline text-salemsfur md:hover:text-magenta md:hover:border-magenta md:focus:text-magenta border-current border-b border-solid break-words\" href=\"https:\/\/www.t-online.de\/region\/bremen\/\" data-sctrack=\"BodyAnchor\" target=\"_blank\" rel=\"noopener\">Bremen<\/a>. 34,2 Prozent der Bremer k\u00f6nnen sich keine einw\u00f6chige Auszeit leisten \u2013 mehr als doppelt so viele wie in Bayern. Das zeigen neue Zahlen des Statistischen Bundesamtes.<\/p>\n<p class=\"text-18 leading-17\">Damit liegt die Hansestadt weit \u00fcber dem Bundesdurchschnitt von 21 Prozent. Am anderen Ende der Skala steht Bayern, wo nur 14,2 Prozent auf Ferien verzichten m\u00fcssen. Auch in <a class=\"transition-colors duration-200 cursor-pointer text-inherit no-underline text-salemsfur md:hover:text-magenta md:hover:border-magenta md:focus:text-magenta border-current border-b border-solid break-words\" href=\"https:\/\/www.t-online.de\/region\/berlin\/\" data-sctrack=\"BodyAnchor\" target=\"_blank\" rel=\"noopener\">Berlin<\/a> (14,8 Prozent) und Sachsen (16,4 Prozent) sieht es deutlich besser aus.<\/p>\n<p class=\"text-18 leading-17\">Dagegen sind es neben Bayern auch in Berlin relativ wenige Menschen, die in einem Haushalt leben, f\u00fcr den eine Woche Urlaub nach eigenen Angaben nicht erschwinglich ist. Der Wert f\u00fcr die Bundeshauptstadt liegt bei 14,8 Prozent. Dahinter folgen Sachsen mit 16,4 und <a rel=\"nofollow noopener\" target=\"_blank\" class=\"transition-colors duration-200 cursor-pointer text-inherit no-underline text-salemsfur md:hover:text-magenta md:hover:border-magenta md:focus:text-magenta border-current border-b border-solid break-words\" href=\"https:\/\/hamburg.t-online.de\/region\/hamburg\/\" data-sctrack=\"BodyAnchor\">Hamburg<\/a> mit 18,5 Prozent.<\/p>\n<p class=\"text-18 leading-17\">Besonders oft betroffen sind Menschen, die in Haushalten mit einem alleinerziehenden Erwachsenen leben. Aussagekr\u00e4ftige bundeslandspezifische Zahlen f\u00fcr diese Gruppe gibt es hier allerdings nur f\u00fcr die sechs bev\u00f6lkerungsreichsten L\u00e4nder, da bei den kleineren die Stichproben zu klein sind. Der h\u00f6chste vom Statistischen Bundesamt gemeldete Wert kommt dabei aus Rheinland-Pfalz und erreicht 55,7 Prozent. In Bayern sind es nur 30 Prozent.<\/p>\n<p class=\"text-18 leading-17\">Haushalte mit mehreren Erwachsenen waren dagegen in der Regel unterdurchschnittlich oft betroffen. Ob es Kinder gab, machte dabei meist keinen gro\u00dfen Unterschied.<\/p>\n<p class=\"text-18 leading-17\">Die Frage nach dem einw\u00f6chigen Urlaub wird europaweit gestellt, in Deutschland im Rahmen des Mikrozensus. Hintergrund ist, dass diese Einsch\u00e4tzung als Kriterium zur Messung der materiellen und sozialen Entbehrung (Deprivation) dient.<\/p>\n<p class=\"text-18 leading-17\">Auch Urlaub bei Freunden oder Verwandten oder in einer eigenen Ferienunterkunft z\u00e4hlt nach den Kriterien der <a class=\"transition-colors duration-200 cursor-pointer text-inherit no-underline text-salemsfur md:hover:text-magenta md:hover:border-magenta md:focus:text-magenta border-current border-b border-solid break-words\" href=\"https:\/\/www.t-online.de\/themen\/umfragen\/\" data-sctrack=\"BodyAnchor\" target=\"_blank\" rel=\"noopener\">Umfrage<\/a> dabei als Urlaub. Im europ\u00e4ischen Vergleich steht Deutschland insgesamt dabei relativ gut da. In <a class=\"transition-colors duration-200 cursor-pointer text-inherit no-underline text-salemsfur md:hover:text-magenta md:hover:border-magenta md:focus:text-magenta border-current border-b border-solid break-words\" href=\"https:\/\/www.t-online.de\/themen\/rumaenien\/\" data-sctrack=\"BodyAnchor\" target=\"_blank\" rel=\"noopener\">Rum\u00e4nien<\/a> k\u00f6nnen sich 59 Prozent nach eigenen Angaben keine Reise leisten, in <a class=\"transition-colors duration-200 cursor-pointer text-inherit no-underline text-salemsfur md:hover:text-magenta md:hover:border-magenta md:focus:text-magenta border-current border-b border-solid break-words\" href=\"https:\/\/www.t-online.de\/themen\/griechenland\/\" data-sctrack=\"BodyAnchor\" target=\"_blank\" rel=\"noopener\">Griechenland<\/a> 46 Prozent und in <a class=\"transition-colors duration-200 cursor-pointer text-inherit no-underline text-salemsfur md:hover:text-magenta md:hover:border-magenta md:focus:text-magenta border-current border-b border-solid break-words\" href=\"https:\/\/www.t-online.de\/themen\/bulgarien\/\" data-sctrack=\"BodyAnchor\" target=\"_blank\" rel=\"noopener\">Bulgarien<\/a> 41 Prozent.<\/p>\n","protected":false},"excerpt":{"rendered":"Bundesweites Schlusslicht In Bremen kann sich jeder Dritte keine Woche Urlaub leisten 27.07.2025 &#8211; 10:04 UhrLesedauer: 2 Min.&hellip;\n","protected":false},"author":2,"featured_media":297516,"comment_status":"","ping_status":"","sticky":false,"template":"","format":"standard","meta":{"footnotes":""},"categories":[1824],"tags":[2420,86758,3364,29,30,18118,874],"class_list":{"0":"post-297515","1":"post","2":"type-post","3":"status-publish","4":"format-standard","5":"has-post-thumbnail","7":"category-bremen","8":"tag-bremen","9":"tag-bundesdurchschnitt","10":"tag-de","11":"tag-deutschland","12":"tag-germany","13":"tag-hansestadt","14":"tag-statistisches-bundesamt"},"share_on_mastodon":{"url":"https:\/\/pubeurope.com\/@de\/114924253760587924","error":""},"_links":{"self":[{"href":"https:\/\/www.europesays.com\/de\/wp-json\/wp\/v2\/posts\/297515","targetHints":{"allow":["GET"]}}],"collection":[{"href":"https:\/\/www.europesays.com\/de\/wp-json\/wp\/v2\/posts"}],"about":[{"href":"https:\/\/www.europesays.com\/de\/wp-json\/wp\/v2\/types\/post"}],"author":[{"embeddable":true,"href":"https:\/\/www.europesays.com\/de\/wp-json\/wp\/v2\/users\/2"}],"replies":[{"embeddable":true,"href":"https:\/\/www.europesays.com\/de\/wp-json\/wp\/v2\/comments?post=297515"}],"version-history":[{"count":0,"href":"https:\/\/www.europesays.com\/de\/wp-json\/wp\/v2\/posts\/297515\/revisions"}],"wp:featuredmedia":[{"embeddable":true,"href":"https:\/\/www.europesays.com\/de\/wp-json\/wp\/v2\/media\/297516"}],"wp:attachment":[{"href":"https:\/\/www.europesays.com\/de\/wp-json\/wp\/v2\/media?parent=297515"}],"wp:term":[{"taxonomy":"category","embeddable":true,"href":"https:\/\/www.europesays.com\/de\/wp-json\/wp\/v2\/categories?post=297515"},{"taxonomy":"post_tag","embeddable":true,"href":"https:\/\/www.europesays.com\/de\/wp-json\/wp\/v2\/tags?post=297515"}],"curies":[{"name":"wp","href":"https:\/\/api.w.org\/{rel}","templated":true}]}}