{"id":297517,"date":"2025-07-27T08:28:12","date_gmt":"2025-07-27T08:28:12","guid":{"rendered":"https:\/\/www.europesays.com\/de\/297517\/"},"modified":"2025-07-27T08:28:12","modified_gmt":"2025-07-27T08:28:12","slug":"wahlhelfer-fehlen-stadt-essen-lockt-mit-erfrischungsgeld","status":"publish","type":"post","link":"https:\/\/www.europesays.com\/de\/297517\/","title":{"rendered":"Wahlhelfer fehlen \u2013 Stadt Essen lockt mit \u201eErfrischungsgeld\u201c"},"content":{"rendered":"<p class=\"font-sans font-medium\">Essen. F\u00fcr die Wahl am 14. September und eine m\u00f6gliche Stichwahl fehlen noch fast 1000 Helferinnen und Helfer. Die Stadt Essen bietet finanziellen Anreiz.<\/p>\n<p>Knapp zwei Monate vor der <a href=\"https:\/\/www.waz.de\/lokales\/essen\/article409567954\/wahlausschuss-streicht-eine-partei-von-der-kandidatenliste.html\" data-category-full-path=\"https:\/\/www.waz.de\/lokales\/essen\/\" data-paid-status=\"premium\" data-article-publish-date=\"1753275240\" rel=\"nofollow noopener\" target=\"_blank\">Kommunalwahl <\/a>sucht die Stadt Essen noch Wahlhelferinnen und Wahlhelfer. Das gilt sowohl f\u00fcr die Abstimmung am 14. September um die Besetzung des Stadtrates und der neun Bezirksvertretungen als auch f\u00fcr eine m\u00f6gliche Stichwahl um das Amt des Oberb\u00fcrgermeisters 14 Tage sp\u00e4ter.<\/p>\n<p>   Essen-Newsletter: Jetzt kostenlos anmelden!<\/p>\n<p class=\"text-body2 mt-2\">Nachrichten, Service, Reportagen: Jeden Tag wissen, was in unserer Stadt los ist.<\/p>\n<p class=\"text-caption text-copy-secondary\">\n          Mit meiner Anmeldung zum Newsletter stimme ich der<br \/>\n          <a href=\"https:\/\/www.waz.de\/services\/newsletter-adconsent\" class=\"text-overline text-copy-accent-negative dark:underline\" rel=\"nofollow noopener\" target=\"_blank\">Werbevereinbarung<\/a><br \/>\n          zu.\n        <\/p>\n<p>Wie die Stadt Ende der Woche auf Anfrage der Redaktion mitteilte, fehlen noch insgesamt 944 Wahlhelferinnen und Wahlhelfer, davon 344 f\u00fcr die Wahl am 14. September und 650, sollte es am 28. September zu einer Stichwahl kommen. F\u00fcr beide Wahlg\u00e4nge werden nach Angaben der Stadt insgesamt 6500 Personen ben\u00f6tigt.<\/p>\n<p>  Kommunalwahl in Essen: Suche nach Wahlhelfern l\u00e4uft schleppend  <\/p>\n<p>Im Vergleich zur Bundestagswahl im Februar dieses Jahres l\u00e4uft die Suche nach Angaben der Stadt deutlich schleppender. Die Stadtverwaltung f\u00fchrt dies darauf zur\u00fcck, dass im September mehr Menschen im Urlaub sein d\u00fcrften. Vielen sei aber noch gar nicht bewusst, dass bald gew\u00e4hlt werde. <\/p>\n<ul>\n<li>Die <strong>Lokalredaktion Essen<\/strong> ist auch <strong>bei WhatsApp<\/strong>! Abonnieren Sie hier unseren kostenlosen Kanal: <strong><a href=\"https:\/\/www.whatsapp.com\/channel\/0029VaNmPLK9xVJlCV8WcH2c\" target=\"_blank\" rel=\"nofollow noopener\">direkt zum Channel<\/a><\/strong>!<\/li>\n<\/ul>\n<p>Die Stadtverwaltung will mit Werbung im Internet, in sozialen Medien und durch das Auslegen von Postkarten weitere Freiwillige gewinnen. Sollte dies nicht ausreichen, k\u00f6nnten Besch\u00e4ftigte der Stadtverwaltung zu Wahlhilfe zwangsverpflichtet werden.<\/p>\n<p>    Auch interessant<\/p>\n<p>    <img decoding=\"async\" src=\"https:\/\/www.europesays.com\/de\/wp-content\/uploads\/2025\/07\/409604649_1753530283_v1_1_200.jpeg\" class=\"block w-full object-cover relative z-10 aspect-[1\/1] \" alt=\"Wahlsonntag \/ Bundestagswahl in Essen: Ausz\u00e4hlung Briefwahl in der Messehalle 1a\" title=\"Wie zuletzt bei der Bundestagswahl werden auch bei der Kommunalwahl in Essen wieder tausende Stimmen ausgez\u00e4hlt werden. \" loading=\"lazy\"\/><\/p>\n<p>Als finanziellen Anreiz zahlt die Stadt allen Helferinnen und Helfern ein sogenanntes Erfrischungsgeld. F\u00fcr die Bundestagswahl war der Betrag erh\u00f6ht worden. Wahlvorsteher erhielten 110 Euro, Schriftf\u00fchrer 100 Euro und Beisitzer 80 Euro. F\u00fcr die Ausz\u00e4hlen der per Briefwahl abgegebenen Stimmen fiel das \u201eErfrischungsgeld\u201c niedriger aus, da der Dienst erst um 15 Uhr begann. Wahlvorsteher bekamen daf\u00fcr 80 Euro, Schriftf\u00fchrer 70 Euro und Beisitzer 60 Euro.<\/p>\n<p><strong>Lesen Sie auch:<\/strong><\/p>\n<p>F\u00fcr die Kommunalwahl steht die H\u00f6he des \u201eErfrischungsgeldes\u201c noch nicht fest. Besetzt werden m\u00fcssen 310 Wahllokale in 41 Kommunalwahlbezirken. Ben\u00f6tigt werden Wahlhelferinnen und Wahlhelfer au\u00dferdem bei der Ausz\u00e4hlung der Briefwahl. Das Wahlamt nimmt Bewerbungen entgegen. Interessenten m\u00fcssen mindestens 16 Jahre alt sein und die deutsche Staatsangeh\u00f6rigkeit oder die eines anderen Mitgliedsstaates der Europ\u00e4ischen Unionen besitzen. Vom Wahlrecht d\u00fcrfen Sie nicht ausgeschlossen sein. N\u00e4here Infos: essen.de<\/p>\n","protected":false},"excerpt":{"rendered":"Essen. F\u00fcr die Wahl am 14. September und eine m\u00f6gliche Stichwahl fehlen noch fast 1000 Helferinnen und Helfer.&hellip;\n","protected":false},"author":2,"featured_media":297518,"comment_status":"","ping_status":"","sticky":false,"template":"","format":"standard","meta":{"footnotes":""},"categories":[1834],"tags":[3364,29,3688,30,1209],"class_list":{"0":"post-297517","1":"post","2":"type-post","3":"status-publish","4":"format-standard","5":"has-post-thumbnail","7":"category-essen","8":"tag-de","9":"tag-deutschland","10":"tag-essen","11":"tag-germany","12":"tag-nordrhein-westfalen"},"share_on_mastodon":{"url":"https:\/\/pubeurope.com\/@de\/114924257580652205","error":""},"_links":{"self":[{"href":"https:\/\/www.europesays.com\/de\/wp-json\/wp\/v2\/posts\/297517","targetHints":{"allow":["GET"]}}],"collection":[{"href":"https:\/\/www.europesays.com\/de\/wp-json\/wp\/v2\/posts"}],"about":[{"href":"https:\/\/www.europesays.com\/de\/wp-json\/wp\/v2\/types\/post"}],"author":[{"embeddable":true,"href":"https:\/\/www.europesays.com\/de\/wp-json\/wp\/v2\/users\/2"}],"replies":[{"embeddable":true,"href":"https:\/\/www.europesays.com\/de\/wp-json\/wp\/v2\/comments?post=297517"}],"version-history":[{"count":0,"href":"https:\/\/www.europesays.com\/de\/wp-json\/wp\/v2\/posts\/297517\/revisions"}],"wp:featuredmedia":[{"embeddable":true,"href":"https:\/\/www.europesays.com\/de\/wp-json\/wp\/v2\/media\/297518"}],"wp:attachment":[{"href":"https:\/\/www.europesays.com\/de\/wp-json\/wp\/v2\/media?parent=297517"}],"wp:term":[{"taxonomy":"category","embeddable":true,"href":"https:\/\/www.europesays.com\/de\/wp-json\/wp\/v2\/categories?post=297517"},{"taxonomy":"post_tag","embeddable":true,"href":"https:\/\/www.europesays.com\/de\/wp-json\/wp\/v2\/tags?post=297517"}],"curies":[{"name":"wp","href":"https:\/\/api.w.org\/{rel}","templated":true}]}}