{"id":297522,"date":"2025-07-27T08:31:11","date_gmt":"2025-07-27T08:31:11","guid":{"rendered":"https:\/\/www.europesays.com\/de\/297522\/"},"modified":"2025-07-27T08:31:11","modified_gmt":"2025-07-27T08:31:11","slug":"der-bvb-startet-mit-nebengeraeuschen-in-die-neue-saison-wann-praesentieren-sebastian-kehl-und-co-endlich-neue-spieler","status":"publish","type":"post","link":"https:\/\/www.europesays.com\/de\/297522\/","title":{"rendered":"Der BVB startet mit Nebenger\u00e4uschen in die neue Saison: Wann pr\u00e4sentieren Sebastian Kehl und Co. endlich neue Spieler?"},"content":{"rendered":"<p class=\"article_article__content__teaser_____NK\">Borussia Dortmund startet in die Saisonvorbereitung. Die Fans fordern neue Spieler, was f\u00fcr die sportliche Leitung jedoch nicht leicht umsetzbar ist.<\/p>\n<p>Wer Kommentare bei Social Media als Gradmesser f\u00fcr die Stimmung nutzen will, der wird bei Borussia Dortmund eine gewisse Unzufriedenheit unter den Fans feststellen. Der Tenor: Falls der Kader nicht verst\u00e4rkt wird, f\u00fcrchten die Anh\u00e4nger erneut eine schwierige Saison &#8211; doch wenn Trainer Niko Kovac am Montag in Brackel zum Auftakt der Sommervorbereitung bittet, werden keine Neuen auf dem Platz stehen.<\/p>\n","protected":false},"excerpt":{"rendered":"Borussia Dortmund startet in die Saisonvorbereitung. Die Fans fordern neue Spieler, was f\u00fcr die sportliche Leitung jedoch nicht&hellip;\n","protected":false},"author":2,"featured_media":297523,"comment_status":"","ping_status":"","sticky":false,"template":"","format":"standard","meta":{"footnotes":""},"categories":[1833],"tags":[888,299,3364,29,217,347,30,1209,4604],"class_list":{"0":"post-297522","1":"post","2":"type-post","3":"status-publish","4":"format-standard","5":"has-post-thumbnail","7":"category-dortmund","8":"tag-borussia-dortmund","9":"tag-bundesliga","10":"tag-de","11":"tag-deutschland","12":"tag-dortmund","13":"tag-fussball","14":"tag-germany","15":"tag-nordrhein-westfalen","16":"tag-soccer"},"share_on_mastodon":{"url":"https:\/\/pubeurope.com\/@de\/114924269338442064","error":""},"_links":{"self":[{"href":"https:\/\/www.europesays.com\/de\/wp-json\/wp\/v2\/posts\/297522","targetHints":{"allow":["GET"]}}],"collection":[{"href":"https:\/\/www.europesays.com\/de\/wp-json\/wp\/v2\/posts"}],"about":[{"href":"https:\/\/www.europesays.com\/de\/wp-json\/wp\/v2\/types\/post"}],"author":[{"embeddable":true,"href":"https:\/\/www.europesays.com\/de\/wp-json\/wp\/v2\/users\/2"}],"replies":[{"embeddable":true,"href":"https:\/\/www.europesays.com\/de\/wp-json\/wp\/v2\/comments?post=297522"}],"version-history":[{"count":0,"href":"https:\/\/www.europesays.com\/de\/wp-json\/wp\/v2\/posts\/297522\/revisions"}],"wp:featuredmedia":[{"embeddable":true,"href":"https:\/\/www.europesays.com\/de\/wp-json\/wp\/v2\/media\/297523"}],"wp:attachment":[{"href":"https:\/\/www.europesays.com\/de\/wp-json\/wp\/v2\/media?parent=297522"}],"wp:term":[{"taxonomy":"category","embeddable":true,"href":"https:\/\/www.europesays.com\/de\/wp-json\/wp\/v2\/categories?post=297522"},{"taxonomy":"post_tag","embeddable":true,"href":"https:\/\/www.europesays.com\/de\/wp-json\/wp\/v2\/tags?post=297522"}],"curies":[{"name":"wp","href":"https:\/\/api.w.org\/{rel}","templated":true}]}}