{"id":297533,"date":"2025-07-27T08:37:09","date_gmt":"2025-07-27T08:37:09","guid":{"rendered":"https:\/\/www.europesays.com\/de\/297533\/"},"modified":"2025-07-27T08:37:09","modified_gmt":"2025-07-27T08:37:09","slug":"stuttgart-messerangriff-auf-23-jaehrigen-in-der-weberstrasse-regional","status":"publish","type":"post","link":"https:\/\/www.europesays.com\/de\/297533\/","title":{"rendered":"Stuttgart: Messerangriff auf 23-J\u00e4hrigen in der Weberstra\u00dfe | Regional"},"content":{"rendered":"<p>Stuttgart \u2013 <b>Ein 23-J\u00e4hriger ist in der Nacht zum 27.07.2025 in der Weberstra\u00dfe von einer Gruppe junger M\u00e4nner angegriffen und mit einem Messer leicht verletzt worden.<\/b><\/p>\n<p>Der Vorfall ereignete sich gegen 1 Uhr, als der Mann von zwei Unbekannten angesprochen und zur Ecke Weberstra\u00dfe\/Brennerstra\u00dfe gef\u00fchrt wurde. <\/p>\n<p>Auch interessant<\/p>\n<p>Anzeige<\/p>\n<p>Auch interessant<\/p>\n<p>Anzeige<\/p>\n<p>Dort schlugen und traten ihn vier bis f\u00fcnf M\u00e4nner, bevor einer der Angreifer ihm oberfl\u00e4chliche Schnittwunden am Oberk\u00f6rper zuf\u00fcgte. Die T\u00e4ter fl\u00fcchteten anschlie\u00dfend. Der Verletzte kam zur Behandlung ins Krankenhaus. <\/p>\n<p>Einer der T\u00e4ter ist etwa 25 Jahre alt, 175 cm gro\u00df, hat eine schlanke Statur, kurze schwarze Locken und trug ein schwarzes T-Shirt. <\/p>\n<p>Ein weiterer T\u00e4ter war zwischen 18 und 25 Jahren alt, 180-185 cm gro\u00df, ebenfalls dunkelh\u00e4utig und schwarz gekleidet.<\/p>\n<p><b>Die Polizei bittet Zeugen, sich beim Polizeirevier 1 Theodor-Heuss-Stra\u00dfe unter der Telefonnummer 071189903100 zu melden.<\/b><\/p>\n<p>Dieser Text basiert auf einer offiziellen Beh\u00f6rden-Information und wurde mit Hilfe von KI erstellt.<\/p>\n","protected":false},"excerpt":{"rendered":"Stuttgart \u2013 Ein 23-J\u00e4hriger ist in der Nacht zum 27.07.2025 in der Weberstra\u00dfe von einer Gruppe junger M\u00e4nner&hellip;\n","protected":false},"author":2,"featured_media":297534,"comment_status":"","ping_status":"","sticky":false,"template":"","format":"standard","meta":{"footnotes":""},"categories":[1830],"tags":[1634,3364,29,30,1000,2509,121,1441,45,1995],"class_list":{"0":"post-297533","1":"post","2":"type-post","3":"status-publish","4":"format-standard","5":"has-post-thumbnail","7":"category-stuttgart","8":"tag-baden-wuerttemberg","9":"tag-de","10":"tag-deutschland","11":"tag-germany","12":"tag-gewalt","13":"tag-ki-ots","14":"tag-polizei","15":"tag-stuttgart","16":"tag-texttospeech","17":"tag-verbrechen"},"share_on_mastodon":{"url":"https:\/\/pubeurope.com\/@de\/114924292956304889","error":""},"_links":{"self":[{"href":"https:\/\/www.europesays.com\/de\/wp-json\/wp\/v2\/posts\/297533","targetHints":{"allow":["GET"]}}],"collection":[{"href":"https:\/\/www.europesays.com\/de\/wp-json\/wp\/v2\/posts"}],"about":[{"href":"https:\/\/www.europesays.com\/de\/wp-json\/wp\/v2\/types\/post"}],"author":[{"embeddable":true,"href":"https:\/\/www.europesays.com\/de\/wp-json\/wp\/v2\/users\/2"}],"replies":[{"embeddable":true,"href":"https:\/\/www.europesays.com\/de\/wp-json\/wp\/v2\/comments?post=297533"}],"version-history":[{"count":0,"href":"https:\/\/www.europesays.com\/de\/wp-json\/wp\/v2\/posts\/297533\/revisions"}],"wp:featuredmedia":[{"embeddable":true,"href":"https:\/\/www.europesays.com\/de\/wp-json\/wp\/v2\/media\/297534"}],"wp:attachment":[{"href":"https:\/\/www.europesays.com\/de\/wp-json\/wp\/v2\/media?parent=297533"}],"wp:term":[{"taxonomy":"category","embeddable":true,"href":"https:\/\/www.europesays.com\/de\/wp-json\/wp\/v2\/categories?post=297533"},{"taxonomy":"post_tag","embeddable":true,"href":"https:\/\/www.europesays.com\/de\/wp-json\/wp\/v2\/tags?post=297533"}],"curies":[{"name":"wp","href":"https:\/\/api.w.org\/{rel}","templated":true}]}}