{"id":297538,"date":"2025-07-27T08:41:11","date_gmt":"2025-07-27T08:41:11","guid":{"rendered":"https:\/\/www.europesays.com\/de\/297538\/"},"modified":"2025-07-27T08:41:11","modified_gmt":"2025-07-27T08:41:11","slug":"brandanschlag-auf-die-maus-in-koeln-ermittlungen-laufen-panorama","status":"publish","type":"post","link":"https:\/\/www.europesays.com\/de\/297538\/","title":{"rendered":"Brandanschlag auf die Maus in K\u00f6ln: Ermittlungen laufen &#8211; Panorama"},"content":{"rendered":"<p data-manual=\"paragraph\" data-schema-org-speakable=\"true\" class=\"css-1ylqqlw\"><strong>Die Maus<\/strong>, 54, TV-Figur, wurde in <a href=\"https:\/\/www.sueddeutsche.de\/thema\/K%C3%B6ln\" rel=\"nofollow noopener\" target=\"_blank\">K\u00f6ln<\/a> Ziel eines Brandanschlags. Unbekannte setzten die Figur vor dem 1LIVE-Haus in Brand. Eine WDR-Empfangsmitarbeiterin bemerkte die Flammen und alarmierte die Feuerwehr. Als Brandbeschleuniger dienten offenbar Styropor oder ein zerschnittener Schwamm. Die Polizei hat Ermittlungen aufgenommen und nutzt dabei auch Aufnahmen der Maus-eigenen Kamera. \u201eDiese Tat macht uns fassungslos. Wer und vor allem warum z\u00fcndet jemand die Maus an?\u201c, sagte\u00a0<a href=\"https:\/\/www1.wdr.de\/nachrichten\/maus-figur-brand-100.html\" target=\"_blank\" rel=\"nofollow noopener\">Matthias K\u00f6rnich, Leiter des WDR-Kinderprogramms<\/a>.\u00a0\u201eDamit wurde nicht nur eine Figur besch\u00e4digt \u2013 hier wurde ein St\u00fcck Kindheit, ein Symbol der Freude und des Miteinanders angegriffen.\u201c<\/p>\n<p data-manual=\"paragraph\" data-schema-org-speakable=\"true\" class=\"css-1ylqqlw\">\u201eWir wissen nicht, wer es war\u201c, sagte eine Polizeisprecherin der Katholischen Nachrichten-Agentutr (KNA) am Samstag. \u201eGestellt hat sich auch noch niemand.\u201c Die Figur sei nicht komplett abgebrannt. Ein Teil der rechten Seite sei in Mitleidenschaft gezogen worden. Der WDR teilte mit, dass eine Mitarbeiterin des Empfangs \u00fcber die \u00dcberwachungskamera die Flammen entdeckt und die Feuerwehr gerufen habe. Diese habe den Brand kurze Zeit sp\u00e4ter gel\u00f6scht. Der WDR werde jetzt alles daf\u00fcr tun, damit Kinder und Familien die Figur bald wieder besuchen k\u00f6nnten, hie\u00df es.<\/p>\n<p><img decoding=\"async\" alt=\"Ein Mann fotografiert die durch ein Feuer an der Seite besch\u00e4digte Maus vor dem WDR-Geb\u00e4ude.\" data-manual=\"overline, headerImageCaption, headerImageSrc, headerImageSrcSet\" data-testid=\"responsive-image\" loading=\"lazy\"  src=\"https:\/\/www.europesays.com\/de\/wp-content\/uploads\/2025\/07\/8f90708c-01ce-4de5-a3dd-3f0020beab6a.jpg\"  role=\"button\" tabindex=\"0\" class=\"css-y4bre2\"\/>Ein Mann fotografiert die durch ein Feuer an der Seite besch\u00e4digte Maus vor dem WDR-Geb\u00e4ude. (Foto: Sascha Thelen\/dpa)<\/p>\n<p data-manual=\"paragraph\" data-schema-org-speakable=\"true\" class=\"css-1ylqqlw\">Bereits im Oktober 2024 hatte es Wirbel um die Mausfigur gegeben: Sie war <a href=\"https:\/\/www.sueddeutsche.de\/panorama\/promi-news-sendung-mit-der-maus-entfuehrung-cameron-diaz-abwesenheit-howard-carpendale-abschiedstournee-lux.D3saSGSKfHHqjxCNjPyb4g\" rel=\"nofollow noopener\" target=\"_blank\">pl\u00f6tzlich vor dem WDR in K\u00f6ln verschwunden<\/a>. Einen Tag sp\u00e4ter tauchte sie dann aber 150 Kilometer entfernt im rheinland-pf\u00e4lzischen Mainz wieder auf \u2013 samt Protestschild.<\/p>\n<p data-manual=\"paragraph\" data-schema-org-speakable=\"true\" class=\"css-1ylqqlw\">Hintergrund war eine von der Kampagnenorganisation Campact organisierte Aktion gegen K\u00fcrzungen beim \u00f6ffentlich-rechtlichen Rundfunk. So trug die fr\u00f6hlich dreinblickende Maus die politische Forderung \u201eKeine K\u00fcrzungen bei ARD und ZDF!\u201c um den Hals.<\/p>\n","protected":false},"excerpt":{"rendered":"Die Maus, 54, TV-Figur, wurde in K\u00f6ln Ziel eines Brandanschlags. Unbekannte setzten die Figur vor dem 1LIVE-Haus in&hellip;\n","protected":false},"author":2,"featured_media":297539,"comment_status":"","ping_status":"","sticky":false,"template":"","format":"standard","meta":{"footnotes":""},"categories":[1828],"tags":[29,30,1420,1209,1974,2045,149],"class_list":{"0":"post-297538","1":"post","2":"type-post","3":"status-publish","4":"format-standard","5":"has-post-thumbnail","7":"category-koeln","8":"tag-deutschland","9":"tag-germany","10":"tag-koeln","11":"tag-nordrhein-westfalen","12":"tag-panorama","13":"tag-promis","14":"tag-sueddeutsche-zeitung"},"share_on_mastodon":{"url":"https:\/\/pubeurope.com\/@de\/114924308764703571","error":""},"_links":{"self":[{"href":"https:\/\/www.europesays.com\/de\/wp-json\/wp\/v2\/posts\/297538","targetHints":{"allow":["GET"]}}],"collection":[{"href":"https:\/\/www.europesays.com\/de\/wp-json\/wp\/v2\/posts"}],"about":[{"href":"https:\/\/www.europesays.com\/de\/wp-json\/wp\/v2\/types\/post"}],"author":[{"embeddable":true,"href":"https:\/\/www.europesays.com\/de\/wp-json\/wp\/v2\/users\/2"}],"replies":[{"embeddable":true,"href":"https:\/\/www.europesays.com\/de\/wp-json\/wp\/v2\/comments?post=297538"}],"version-history":[{"count":0,"href":"https:\/\/www.europesays.com\/de\/wp-json\/wp\/v2\/posts\/297538\/revisions"}],"wp:featuredmedia":[{"embeddable":true,"href":"https:\/\/www.europesays.com\/de\/wp-json\/wp\/v2\/media\/297539"}],"wp:attachment":[{"href":"https:\/\/www.europesays.com\/de\/wp-json\/wp\/v2\/media?parent=297538"}],"wp:term":[{"taxonomy":"category","embeddable":true,"href":"https:\/\/www.europesays.com\/de\/wp-json\/wp\/v2\/categories?post=297538"},{"taxonomy":"post_tag","embeddable":true,"href":"https:\/\/www.europesays.com\/de\/wp-json\/wp\/v2\/tags?post=297538"}],"curies":[{"name":"wp","href":"https:\/\/api.w.org\/{rel}","templated":true}]}}