{"id":297542,"date":"2025-07-27T08:43:16","date_gmt":"2025-07-27T08:43:16","guid":{"rendered":"https:\/\/www.europesays.com\/de\/297542\/"},"modified":"2025-07-27T08:43:16","modified_gmt":"2025-07-27T08:43:16","slug":"bettelverbot-in-muenchen-mehrheit-befuerwortet-stadtweites-verbot","status":"publish","type":"post","link":"https:\/\/www.europesays.com\/de\/297542\/","title":{"rendered":"Bettelverbot in M\u00fcnchen? Mehrheit bef\u00fcrwortet stadtweites Verbot"},"content":{"rendered":"<p>Nach Klage von H\u00e4ndlern <\/p>\n<p>Bettelverbot in M\u00fcnchen? Umfrage zeigt klare Meinung<\/p>\n<p>Aktualisiert am 27.07.2025 &#8211; 09:26 UhrLesedauer: 1 Min.<\/p>\n<p><a href=\"#focus-0\" class=\"transition-colors duration-200 focus-within:text-magenta block text-current relative\" data-sctrack=\"FocusGalleryImage.Reference\"><img fetchpriority=\"high\" data-testid=\"Opener.Image\" style=\"--lqipURL:url('https:\/\/images.t-online.de\/2024\/12\/2Ksc1LG0cWJF\/0x452:3455x1944\/fit-in\/150x0\/filters:blur(25)\/ein-bettler-am-viktualienmarkt-archivbild-das-stille-betteln-ist-in-muenchen-vielerorts-erlaubt.jpg')\"   loading=\"eager\" src=\"https:\/\/www.europesays.com\/de\/wp-content\/uploads\/2025\/07\/ein-bettler-am-viktualienmarkt-archivbild-das-stille-betteln-ist-in-muenchen-vielerorts-erlaubt.jpg\" alt=\"Ein Bettler am Viktualienmarkt (Archivbild): Das stille Betteln ist in M\u00fcnchen vielerorts erlaubt.\" title=\"Ein Bettler am Viktualienmarkt (Archivbild): Das stille Betteln ist in M\u00fcnchen vielerorts erlaubt.\" width=\"3455\" height=\"1944\" class=\"bg-[url:var(--lqipURL)] bg-cover bg-center flex h-full w-full max-w-full\" decoding=\"async\"\/><img style=\"--width:32;--height:32\" loading=\"lazy\" src=\"https:\/\/muenchen.t-online.de\/s\/paper\/_next\/static\/media\/zoom-in.f7dae02f.svg\" alt=\"Vergr\u00f6\u00dfern des Bildes\" title=\"Vergr\u00f6\u00dfern des Bildes\" class=\"block h-[calc(var(--height)_\/_16_*_1rem)] w-[calc(var(--width)_\/_16_*_1rem)] max-w-none absolute bottom-8 right-8 rounded-4 bg-snow p-8\" decoding=\"async\"\/><\/a><\/p>\n<p>Ein Bettler am Viktualienmarkt (Archivbild): Das stille Betteln ist in M\u00fcnchen vielerorts erlaubt. (Quelle: IMAGO\/STL-Studio Liebhart)<\/p>\n<p class=\"font-bold text-18 leading-17\">Den H\u00e4ndlern in Laim sind Bettler vor ihren Gesch\u00e4ften ein Dorn im Auge. Sie verlangen daher ein stadtweites Verbot. Mit ihrer Forderung stehen sie offenbar nicht allein da.<\/p>\n<p class=\"text-18 leading-17\">In der Diskussion um ein stadtweites Bettelverbot bekommen die H\u00e4ndler in M\u00fcnchen Unterst\u00fctzung aus der Bev\u00f6lkerung. In einer Umfrage von t-online sprachen sich rund 90 Prozent der bisher knapp \u00fcber 11.200 Teilnehmer (Stand: 20.1.2025) f\u00fcr ein Verbot des Bettelns im gesamten Stadtgebiet aus.<\/p>\n<p class=\"text-18 leading-17\">Mehrere H\u00e4ndler hatten sich bereits vor Weihnachten \u00fcber die Zust\u00e4nde rund um den Laimer Platz beklagt.<\/p>\n<p class=\"text-18 leading-17\"><a target=\"_blank\" class=\"transition-colors duration-200 cursor-pointer text-inherit no-underline text-salemsfur md:hover:text-magenta md:hover:border-magenta md:focus:text-magenta border-current border-b border-solid break-words\" href=\"https:\/\/muenchen.t-online.de\/region\/muenchen\/id_100548786\/muenchen-haendler-fordern-stadtweites-bettelverbot.html\" data-sctrack=\"BodyAnchor\" rel=\"noopener\">Von einer &#8222;Bettel-Mafia&#8220; war die Rede<\/a>, teilweise sei es beinahe zu Schl\u00e4gereien gekommen. Die Polizei ist laut des Berichts \u00fcber die Problematik informiert, dagegen vorzugehen sei f\u00fcr die Beamten aber zu aufw\u00e4ndig, erkl\u00e4rte eine Sprecherin.<\/p>\n<p class=\"text-18 leading-17\">Eigentlich gibt es f\u00fcr das Betteln in M\u00fcnchen klare Regeln. So d\u00fcrfen Bettler durch ihr Verhalten keine B\u00fcrger bel\u00e4stigen. Das sogenannte Demutsbetteln oder stille Betteln ist hingegen erlaubt \u2013 ausgenommen in der Fu\u00dfg\u00e4ngerzone der Altstadt sowie auf dem Oktoberfestgel\u00e4nde.<\/p>\n<p class=\"text-18 leading-17\">Geht es nach den H\u00e4ndlern in Laim und der Mehrheit der Umfrageteilnehmer von t-online, sollte Betteln jedoch grunds\u00e4tzlich und \u00fcberall verboten sein. Lediglich 7,3 Prozent der Befragten sprachen gegen ein stadtweites Verbot aus, w\u00e4hrend 3,2 Prozent noch unentschlossen sind.<\/p>\n","protected":false},"excerpt":{"rendered":"Nach Klage von H\u00e4ndlern Bettelverbot in M\u00fcnchen? Umfrage zeigt klare Meinung Aktualisiert am 27.07.2025 &#8211; 09:26 UhrLesedauer: 1&hellip;\n","protected":false},"author":2,"featured_media":297543,"comment_status":"","ping_status":"","sticky":false,"template":"","format":"standard","meta":{"footnotes":""},"categories":[1827],"tags":[2201,772,24717,29,30,30912,1268,11891],"class_list":{"0":"post-297542","1":"post","2":"type-post","3":"status-publish","4":"format-standard","5":"has-post-thumbnail","7":"category-muenchen","8":"tag-2201","9":"tag-bayern","10":"tag-bettelverbot","11":"tag-deutschland","12":"tag-germany","13":"tag-laim","14":"tag-muenchen","15":"tag-obdachlosigkeit"},"share_on_mastodon":{"url":"https:\/\/pubeurope.com\/@de\/114924316532654690","error":""},"_links":{"self":[{"href":"https:\/\/www.europesays.com\/de\/wp-json\/wp\/v2\/posts\/297542","targetHints":{"allow":["GET"]}}],"collection":[{"href":"https:\/\/www.europesays.com\/de\/wp-json\/wp\/v2\/posts"}],"about":[{"href":"https:\/\/www.europesays.com\/de\/wp-json\/wp\/v2\/types\/post"}],"author":[{"embeddable":true,"href":"https:\/\/www.europesays.com\/de\/wp-json\/wp\/v2\/users\/2"}],"replies":[{"embeddable":true,"href":"https:\/\/www.europesays.com\/de\/wp-json\/wp\/v2\/comments?post=297542"}],"version-history":[{"count":0,"href":"https:\/\/www.europesays.com\/de\/wp-json\/wp\/v2\/posts\/297542\/revisions"}],"wp:featuredmedia":[{"embeddable":true,"href":"https:\/\/www.europesays.com\/de\/wp-json\/wp\/v2\/media\/297543"}],"wp:attachment":[{"href":"https:\/\/www.europesays.com\/de\/wp-json\/wp\/v2\/media?parent=297542"}],"wp:term":[{"taxonomy":"category","embeddable":true,"href":"https:\/\/www.europesays.com\/de\/wp-json\/wp\/v2\/categories?post=297542"},{"taxonomy":"post_tag","embeddable":true,"href":"https:\/\/www.europesays.com\/de\/wp-json\/wp\/v2\/tags?post=297542"}],"curies":[{"name":"wp","href":"https:\/\/api.w.org\/{rel}","templated":true}]}}