{"id":297546,"date":"2025-07-27T08:45:25","date_gmt":"2025-07-27T08:45:25","guid":{"rendered":"https:\/\/www.europesays.com\/de\/297546\/"},"modified":"2025-07-27T08:45:25","modified_gmt":"2025-07-27T08:45:25","slug":"21-jaehriger-stuerzt-von-gleis-vor-s-bahn-polizei-ermittelt","status":"publish","type":"post","link":"https:\/\/www.europesays.com\/de\/297546\/","title":{"rendered":"21-J\u00e4hriger st\u00fcrzt von Gleis vor S-Bahn \u2013 Polizei ermittelt"},"content":{"rendered":"<p>Ungl\u00fcck in Hamburg <\/p>\n<p>21-J\u00e4hriger st\u00fcrzt vor S-Bahn<\/p>\n<p>27.07.2025 &#8211; 09:30 UhrLesedauer: 1 Min.<\/p>\n<p><a href=\"#focus-0\" class=\"transition-colors duration-200 focus-within:text-magenta block text-current relative\" data-sctrack=\"FocusGalleryImage.Reference\"><img fetchpriority=\"high\" data-testid=\"Opener.Image\" style=\"--lqipURL:url('https:\/\/images.t-online.de\/2024\/07\/TsnC78azXsXP\/112x0:3776x2124\/fit-in\/150x0\/filters:blur(25)\/eine-s-bahn-der-linie-s2-in-richtung-bergedorf-faehrt-in-den-bahnhof-berliner-tor-hinein-hohenfelde-hamburg-an-s-bahn-train-on-line-s2-in-the-direction-of-bergedorf-enters-the-station-berliner-tor-hohenfelde-hamburg.jpg')\"   loading=\"eager\" src=\"https:\/\/www.europesays.com\/de\/wp-content\/uploads\/2025\/05\/eine-s-bahn-der-linie-s2-in-richtung-bergedorf-faehrt-in-den-bahnhof-berliner-tor-hinein-hohenfelde-.jpeg\" alt=\"imago images 0441183640\" title=\"imago images 0441183640\" width=\"3776\" height=\"2124\" class=\"bg-[url:var(--lqipURL)] bg-cover bg-center flex h-full w-full max-w-full\" decoding=\"async\"\/><img style=\"--width:32;--height:32\" loading=\"lazy\" src=\"https:\/\/www.t-online.de\/s\/paper\/_next\/static\/media\/zoom-in.f7dae02f.svg\" alt=\"Vergr\u00f6\u00dfern des Bildes\" title=\"Vergr\u00f6\u00dfern des Bildes\" class=\"block h-[calc(var(--height)_\/_16_*_1rem)] w-[calc(var(--width)_\/_16_*_1rem)] max-w-none absolute bottom-8 right-8 rounded-4 bg-snow p-8\" decoding=\"async\"\/><\/a><\/p>\n<p>Eine S-Bahn am Bahnhof Berliner (Archivbild): Hier ereignete sich das Ungl\u00fcck. (Quelle: IMAGO\/Hanno Bode\/imago)<\/p>\n<p class=\"font-bold text-18 leading-17\">Schockmoment in Hamburg: Ein junger Mann torkelt \u00fcber den Bahnsteig. Pl\u00f6tzlich st\u00fcrzt er \u2013 gerade, als eine S-Bahn einf\u00e4hrt.<\/p>\n<p class=\"text-18 leading-17\">Am zentralen Hamburger Verkehrsknotenpunkt Berliner Tor ist am Freitagabend ein 21-j\u00e4hriger Mann ins Gleis gest\u00fcrzt. Dort liegend, wurde er von einer S-Bahn erfasst.<\/p>\n<p class=\"text-18 leading-17\">Wie die Bundespolizei am Sonntag mitteilte, erlitt der 21-J\u00e4hrige schwere Verletzungen. Nach einer Erstversorgung am S-Bahnhof kam er in ein Krankenhaus. Wie schwer seine Verletzungen genau sind und wie es ihm aktuell geht, kann die Bundespolizei eigener Auskunft zufolge nicht sagen.<\/p>\n<p class=\"text-18 leading-17\">Am Samstag stellten die Beamten im Krankenhaus die Identit\u00e4t des Verungl\u00fcckten fest. Demnach ist der 21-J\u00e4hrige polnischer Staatsb\u00fcrger.<\/p>\n<p class=\"text-18 leading-17\">Au\u00dferdem sichtete die Polizei Videoaufnahmen vom Ungl\u00fccksmoment. Demnach soll sich der junge Mann vor seinem Sturz torkelnd und unsicher auf dem Bahnsteig bewegt haben. Dann kam er gegen 19.48 Uhr ohne Fremdeinwirkung zu Fall. Hinweise auf einen m\u00f6glichen Suizidversuch liegen den Beamten nicht vor.<\/p>\n<p class=\"text-18 leading-17\">Auf dem Bahnsteig sowie in der eingefahrenen S-Bahn befanden sich zum Zeitpunkt des Ungl\u00fccks rund 400 Personen. Bahnsteig und S-Bahn wurden ger\u00e4umt, der Bereich anschlie\u00dfend abgesperrt. Der Triebfahrzeugf\u00fchrer erlitt einen Schock und musste abgel\u00f6st werden.<\/p>\n<p class=\"text-18 leading-17\">Gegen den 21-J\u00e4hrigen wurde ein Strafverfahren eingeleitet. Der Vorwurf lautet &#8222;gef\u00e4hrlicher Eingriff in den Bahnverkehr&#8220;. Die Bundespolizeiinspektion Hamburg ermittelt weiter.<\/p>\n","protected":false},"excerpt":{"rendered":"Ungl\u00fcck in Hamburg 21-J\u00e4hriger st\u00fcrzt vor S-Bahn 27.07.2025 &#8211; 09:30 UhrLesedauer: 1 Min. Eine S-Bahn am Bahnhof Berliner&hellip;\n","protected":false},"author":2,"featured_media":140565,"comment_status":"","ping_status":"","sticky":false,"template":"","format":"standard","meta":{"footnotes":""},"categories":[1826],"tags":[1434,27614,421,29,30,692,1209,121,23060,5886,6296],"class_list":{"0":"post-297546","1":"post","2":"type-post","3":"status-publish","4":"format-standard","5":"has-post-thumbnail","7":"category-hamburg","8":"tag-1434","9":"tag-bahnsteig","10":"tag-bundespolizei","11":"tag-deutschland","12":"tag-germany","13":"tag-hamburg","14":"tag-nordrhein-westfalen","15":"tag-polizei","16":"tag-schockmoment","17":"tag-unglueck","18":"tag-wien"},"share_on_mastodon":{"url":"https:\/\/pubeurope.com\/@de\/114924324545935273","error":""},"_links":{"self":[{"href":"https:\/\/www.europesays.com\/de\/wp-json\/wp\/v2\/posts\/297546","targetHints":{"allow":["GET"]}}],"collection":[{"href":"https:\/\/www.europesays.com\/de\/wp-json\/wp\/v2\/posts"}],"about":[{"href":"https:\/\/www.europesays.com\/de\/wp-json\/wp\/v2\/types\/post"}],"author":[{"embeddable":true,"href":"https:\/\/www.europesays.com\/de\/wp-json\/wp\/v2\/users\/2"}],"replies":[{"embeddable":true,"href":"https:\/\/www.europesays.com\/de\/wp-json\/wp\/v2\/comments?post=297546"}],"version-history":[{"count":0,"href":"https:\/\/www.europesays.com\/de\/wp-json\/wp\/v2\/posts\/297546\/revisions"}],"wp:featuredmedia":[{"embeddable":true,"href":"https:\/\/www.europesays.com\/de\/wp-json\/wp\/v2\/media\/140565"}],"wp:attachment":[{"href":"https:\/\/www.europesays.com\/de\/wp-json\/wp\/v2\/media?parent=297546"}],"wp:term":[{"taxonomy":"category","embeddable":true,"href":"https:\/\/www.europesays.com\/de\/wp-json\/wp\/v2\/categories?post=297546"},{"taxonomy":"post_tag","embeddable":true,"href":"https:\/\/www.europesays.com\/de\/wp-json\/wp\/v2\/tags?post=297546"}],"curies":[{"name":"wp","href":"https:\/\/api.w.org\/{rel}","templated":true}]}}