{"id":297549,"date":"2025-07-27T08:47:12","date_gmt":"2025-07-27T08:47:12","guid":{"rendered":"https:\/\/www.europesays.com\/de\/297549\/"},"modified":"2025-07-27T08:47:12","modified_gmt":"2025-07-27T08:47:12","slug":"polizei-loest-propalaestinensisch-gepraegte-queer-pride-auf","status":"publish","type":"post","link":"https:\/\/www.europesays.com\/de\/297549\/","title":{"rendered":"Polizei l\u00f6st propal\u00e4stinensisch gepr\u00e4gte Queer Pride auf"},"content":{"rendered":"<p><img src=\"https:\/\/www.europesays.com\/de\/wp-content\/uploads\/2025\/07\/queer-pride-iqp-berlin-100~3840x2160\"  alt=\"Teilnehmer der Internationalist Queer Pride for Liberation (IQP) stehen in Berlin-Kreuzberg Polizisten gegen\u00fcber.\" decoding=\"async\" loading=\"eager\"  style=\"object-fit:cover;object-position:center\" fetchpriority=\"high\" class=\"f1mqliu0\"\/><\/p>\n<p>Die Polizei vermeldete 57 Festnahmen im Zusammenhang mit der Demonstration.<\/p>\n<p>Quelle: Michael Ukas\/dpa<\/p>\n<p>Die Polizei hat die &#8222;Internationalist Queer Pride for Liberation&#8220; in <a data-testid=\"richtext-link\" class=\"b7kurox _nl_\" id=\"04746d2c\" href=\"https:\/\/www.zdfheute.de\/thema\/berlin-news-100.html\" rel=\"nofollow noopener\" target=\"_blank\">Berlin<\/a> wegen wiederholter Angriffe auf Einsatzkr\u00e4fte und antisemitischer Parolen aufgel\u00f6st. Es seien 57 Menschen festgenommen worden, teilte die Polizei um kurz nach Mitternacht auf X mit.<\/p>\n<p>Die Demonstranten sollen die Beamten am Samstag in Kreuzberg mit Flaschen und Fahnenstangen attackiert haben. Zudem seien Farbbeutel geflogen sowie Zeichen verfassungsfeindlicher und terroristischer Organisationen gezeigt worden. Laut Polizei wurden 17 Einsatzkr\u00e4fte verletzt. Zu der Zahl verletzter Demonstranten machte eine Sprecherin keine Angaben.<\/p>\n<p>X-Post der Polizei Berlin<\/p>\n<p>Ein Klick f\u00fcr den Datenschutz<\/p>\n<p>Erst wenn Sie hier klicken, werden Bilder und andere Daten von X nachgeladen. Ihre IP-Adresse wird dabei an externe Server von X \u00fcbertragen. \u00dcber den Datenschutz dieses Social Media-Anbieters k\u00f6nnen Sie sich auf der Seite von X informieren. Um Ihre k\u00fcnftigen Besuche zu erleichtern, speichern wir Ihre Zustimmung in den <a data-testid=\"richtext-link\" class=\"b7kurox _nl_\" id=\"0113f223\" href=\"https:\/\/www.zdfheute.de\/einstellungen\/datenschutzeinstellungen\" rel=\"nofollow noopener\" target=\"_blank\">Datenschutzeinstellungen<\/a>. Ihre Zustimmung k\u00f6nnen Sie im Bereich \u201eMeine News\u201c jederzeit widerrufen.<\/p>\n<p>Zahlreiche Demonstranten mit Pal\u00e4stinabezug<\/p>\n<p>Rund 10.000 Menschen nahmen nach Sch\u00e4tzungen der Polizei an der propal\u00e4stinensisch gepr\u00e4gten Demonstration teil. Bei rund 800 Personen sprach die Polizei auf der Plattform X von einem propal\u00e4stinensischen Bezug.<\/p>\n<p>Zahlreiche Menschen hatten Pal\u00e4stina-Fahnen und sogenannte Pal\u00e4stinenser-T\u00fccher, auch Kufiya genannt, dabei. Die Veranstalter forderten Solidarit\u00e4t f\u00fcr Pal\u00e4stina und riefen zu einem &#8222;antikolonialen, antirassistischen, antikapitalistischen Freiheitskampf&#8220; auf. Am Rande der Demonstration standen Menschen mit Israelflaggen und der Nationalflagge der Ukraine.<\/p>\n<p><img decoding=\"async\" loading=\"lazy\" fetchpriority=\"low\" alt=\" Student Lahav Shapira \u00e4u\u00dfert sich nach dem Prozess im Kriminalgericht Moabit. \" class=\"pei0kpe\"\/>&#13;<br \/>\nIn Berlin ist der Student verurteilt worden, der den j\u00fcdischen Studenten Lahav Shapira schwer verletzt hat. Das zust\u00e4ndige Gericht verurteilte ihn zu drei Jahren Haft. &#13;<br \/>\n17.04.2025 | 1:33 min<\/p>\n<p>Die Veranstaltung wurde in unmittelbarer N\u00e4he des Kottbusser Tors gestoppt. Eigentlich sollte sie am Oranienplatz enden. Trotz mehrmaliger Aufforderungen habe die Versammlungsleitung nicht entscheidend auf die Teilnehmenden einwirken k\u00f6nnen, teilte die Polizei auf X mit.<\/p>\n<p>Quelle: dpa<\/p>\n","protected":false},"excerpt":{"rendered":"Die Polizei vermeldete 57 Festnahmen im Zusammenhang mit der Demonstration. Quelle: Michael Ukas\/dpa Die Polizei hat die &#8222;Internationalist&hellip;\n","protected":false},"author":2,"featured_media":297550,"comment_status":"","ping_status":"","sticky":false,"template":"","format":"standard","meta":{"footnotes":""},"categories":[1825],"tags":[1941,1939,296,1937,29,30,1940,1938],"class_list":{"0":"post-297549","1":"post","2":"type-post","3":"status-publish","4":"format-standard","5":"has-post-thumbnail","7":"category-berlin","8":"tag-aktuelle-nachrichten-aus-berlin","9":"tag-aktuelle-news-aus-berlin","10":"tag-berlin","11":"tag-berlin-news","12":"tag-deutschland","13":"tag-germany","14":"tag-nachrichten-aus-berlin","15":"tag-news-aus-berlin"},"share_on_mastodon":{"url":"https:\/\/pubeurope.com\/@de\/114924332353436830","error":""},"_links":{"self":[{"href":"https:\/\/www.europesays.com\/de\/wp-json\/wp\/v2\/posts\/297549","targetHints":{"allow":["GET"]}}],"collection":[{"href":"https:\/\/www.europesays.com\/de\/wp-json\/wp\/v2\/posts"}],"about":[{"href":"https:\/\/www.europesays.com\/de\/wp-json\/wp\/v2\/types\/post"}],"author":[{"embeddable":true,"href":"https:\/\/www.europesays.com\/de\/wp-json\/wp\/v2\/users\/2"}],"replies":[{"embeddable":true,"href":"https:\/\/www.europesays.com\/de\/wp-json\/wp\/v2\/comments?post=297549"}],"version-history":[{"count":0,"href":"https:\/\/www.europesays.com\/de\/wp-json\/wp\/v2\/posts\/297549\/revisions"}],"wp:featuredmedia":[{"embeddable":true,"href":"https:\/\/www.europesays.com\/de\/wp-json\/wp\/v2\/media\/297550"}],"wp:attachment":[{"href":"https:\/\/www.europesays.com\/de\/wp-json\/wp\/v2\/media?parent=297549"}],"wp:term":[{"taxonomy":"category","embeddable":true,"href":"https:\/\/www.europesays.com\/de\/wp-json\/wp\/v2\/categories?post=297549"},{"taxonomy":"post_tag","embeddable":true,"href":"https:\/\/www.europesays.com\/de\/wp-json\/wp\/v2\/tags?post=297549"}],"curies":[{"name":"wp","href":"https:\/\/api.w.org\/{rel}","templated":true}]}}