{"id":297558,"date":"2025-07-27T08:52:09","date_gmt":"2025-07-27T08:52:09","guid":{"rendered":"https:\/\/www.europesays.com\/de\/297558\/"},"modified":"2025-07-27T08:52:09","modified_gmt":"2025-07-27T08:52:09","slug":"prinz-harry-und-die-royals-erste-details-zum-krisen-geheimtreffen-unterhaltung","status":"publish","type":"post","link":"https:\/\/www.europesays.com\/de\/297558\/","title":{"rendered":"Prinz Harry und die Royals: Erste Details zum Krisen-Geheimtreffen! | Unterhaltung"},"content":{"rendered":"<p><b>Prinz Harry (40) will Frieden! Und um den zu erreichen, hat er ein gro\u00dfes Angebot an die k\u00f6nigliche Familie gemacht. Ein ungew\u00f6hnlicher Schritt f\u00fcr den Mann, der sich in den letzten Jahren immer mehr von seinem Vater und Bruder distanziert hatte.<\/b><\/p>\n<p>Anfang Juli fand in einem Privat-Club in London ein vertrauliches Treffen statt. Nur wenige Minuten entfernt vom Clarence House, der offiziellen Residenz von K\u00f6nig Charles (76), trafen sich die Kommunikations-Chefs von Vater und Sohn. Ein geheimer Krisengipfel, der nun erste Ergebnisse vorweist.<\/p>\n<p><b>Welches Angebot Harry seinem Vater gemacht hat, welche Bedeutung diese Geste hat, ob William auch eine Rolle spielt \u2013 und was Harry dabei am wichtigsten ist, lesen Sie mit BILDplus.<\/b><\/p>\n","protected":false},"excerpt":{"rendered":"Prinz Harry (40) will Frieden! Und um den zu erreichen, hat er ein gro\u00dfes Angebot an die k\u00f6nigliche&hellip;\n","protected":false},"author":2,"featured_media":297559,"comment_status":"","ping_status":"","sticky":false,"template":"","format":"standard","meta":{"footnotes":""},"categories":[1776],"tags":[1801,29,6300,214,30,4858,2477,567,9758,1802,6301,45,215],"class_list":{"0":"post-297558","1":"post","2":"type-post","3":"status-publish","4":"format-standard","5":"has-post-thumbnail","7":"category-prominente","8":"tag-celebrities","9":"tag-deutschland","10":"tag-englische-royals","11":"tag-entertainment","12":"tag-germany","13":"tag-herzogin-von-sussex-meghan","14":"tag-king-charles-iii","15":"tag-prinz-harry","16":"tag-prinz-william","17":"tag-prominente","18":"tag-queen-elizabeth-ii","19":"tag-texttospeech","20":"tag-unterhaltung"},"share_on_mastodon":{"url":"https:\/\/pubeurope.com\/@de\/114924351797925314","error":""},"_links":{"self":[{"href":"https:\/\/www.europesays.com\/de\/wp-json\/wp\/v2\/posts\/297558","targetHints":{"allow":["GET"]}}],"collection":[{"href":"https:\/\/www.europesays.com\/de\/wp-json\/wp\/v2\/posts"}],"about":[{"href":"https:\/\/www.europesays.com\/de\/wp-json\/wp\/v2\/types\/post"}],"author":[{"embeddable":true,"href":"https:\/\/www.europesays.com\/de\/wp-json\/wp\/v2\/users\/2"}],"replies":[{"embeddable":true,"href":"https:\/\/www.europesays.com\/de\/wp-json\/wp\/v2\/comments?post=297558"}],"version-history":[{"count":0,"href":"https:\/\/www.europesays.com\/de\/wp-json\/wp\/v2\/posts\/297558\/revisions"}],"wp:featuredmedia":[{"embeddable":true,"href":"https:\/\/www.europesays.com\/de\/wp-json\/wp\/v2\/media\/297559"}],"wp:attachment":[{"href":"https:\/\/www.europesays.com\/de\/wp-json\/wp\/v2\/media?parent=297558"}],"wp:term":[{"taxonomy":"category","embeddable":true,"href":"https:\/\/www.europesays.com\/de\/wp-json\/wp\/v2\/categories?post=297558"},{"taxonomy":"post_tag","embeddable":true,"href":"https:\/\/www.europesays.com\/de\/wp-json\/wp\/v2\/tags?post=297558"}],"curies":[{"name":"wp","href":"https:\/\/api.w.org\/{rel}","templated":true}]}}