{"id":297560,"date":"2025-07-27T08:54:10","date_gmt":"2025-07-27T08:54:10","guid":{"rendered":"https:\/\/www.europesays.com\/de\/297560\/"},"modified":"2025-07-27T08:54:10","modified_gmt":"2025-07-27T08:54:10","slug":"amanda-hat-ursprung-in-meckelwege","status":"publish","type":"post","link":"https:\/\/www.europesays.com\/de\/297560\/","title":{"rendered":"Amanda hat Ursprung in Meckelwege"},"content":{"rendered":"<p class=\"fp-paragraph\">Martina Bergmann (46) wurde in Werther geboren, hat in Halle den Buchhandel kennengelernt und sich f\u00fcr Ausbildung und Studium \u00fcber den Tellerrand gewagt. Nach Wanderjahren in Hamburg, Berlin und M\u00fcnchen er\u00f6ffnete sie 2010 in Borgholzhausen eine Buchhandlung, mit der sie 2023 nach Rietberg zog. Nach verschiedenen Sachb\u00fcchern und dem Roman \u201eMein Leben mit Martha\u201c hat sie gerade ihren zweiten Roman \u201eDas Fr\u00e4ulein Buchh\u00e4ndlerin\u201c ver\u00f6ffentlicht.<\/p>\n<p>Jetzt weiterlesen mit<\/p>\n<p>im 1. Monat<\/p>\n<p>0,99 \u20ac*<a href=\"https:\/\/abo.wn.de\/Digital+Basis.htm?utm_source=Website&amp;utm_medium=Layer&amp;utm_campaign=noUEG&amp;pwlayer=plus&amp;ezobjectid=3357837\" class=\"fp-button fp-button__primary fp-paywall-action-submit\" style=\"background-color: #000000;\" rel=\"nofollow noopener\" target=\"_blank\">weiter<\/a>*danach 9,90 \u20ac \/ Monat<\/p>\n<p>monatlich k\u00fcndbar<\/p>\n<p class=\"fp-article-paywall__plan--description\">freier Zugriff auf alle WN+ Inhalte und die News-App<\/p>\n<p><strong>Wochenabo<\/strong><\/p>\n<p>1 \u20ac<a href=\"https:\/\/abo.wn.de\/Digital+Basis.htm?utm_source=Website&amp;utm_medium=Layer&amp;utm_campaign=noUEG&amp;pwlayer=plus&amp;ezobjectid=3357837\" class=\"fp-button fp-button__primary fp-paywall-action-submit\" style=\"background-color: #000000;\" rel=\"nofollow noopener\" target=\"_blank\">weiter<\/a>ab dem 2. Jahr 2 \u20ac \/ Woche<\/p>\n<p>monatlich k\u00fcndbar<\/p>\n<p class=\"fp-article-paywall__plan--description\">freier Zugriff auf alle WN+ Inhalte und die News-App<\/p>\n<p><strong>Jahrespass<\/strong><\/p>\n<p>79 \u20ac<a href=\"https:\/\/abo.wn.de\/Digital+Basis+Jahresabo.htm?utm_source=Website&amp;utm_medium=Layer&amp;utm_campaign=noUEG&amp;pwlayer=plus&amp;ezobjectid=3357837\" class=\"fp-button fp-button__primary fp-paywall-action-submit\" style=\"background-color: #000000;\" rel=\"nofollow noopener\" target=\"_blank\">weiter<\/a>ab dem 2. Jahr 9,90 \u20ac \/ Monat<\/p>\n<p class=\"fp-article-paywall__plan--description\">freier Zugriff auf alle WN+ Inhalte und die News-App<\/p>\n<p>Sie sind bereits Abonnent? <a title=\"Hier einloggen\" alt=\"Hier einloggen\" href=\"https:\/\/account.wn.de\/login?redurl=https:\/\/www.wn.de\/muensterland\/kreis-steinfurt\/lienen\/amanda-hat-ihren-ursprung-in-meckelwege-3357837?pid=true&amp;ueg=default\" rel=\"nofollow noopener\" target=\"_blank\"><a href=\"https:\/\/account.wn.de\/login?redurl=https:\/\/www.wn.de\/muensterland\/kreis-steinfurt\/lienen\/amanda-hat-ihren-ursprung-in-meckelwege-3357837?pid=true&amp;ueg=default\" rel=\"nofollow noopener\" target=\"_blank\">Jetzt anmelden<\/a><\/p>\n","protected":false},"excerpt":{"rendered":"Martina Bergmann (46) wurde in Werther geboren, hat in Halle den Buchhandel kennengelernt und sich f\u00fcr Ausbildung und&hellip;\n","protected":false},"author":2,"featured_media":297561,"comment_status":"","ping_status":"","sticky":false,"template":"","format":"standard","meta":{"footnotes":""},"categories":[1774],"tags":[1784,1785,29,214,30,215],"class_list":{"0":"post-297560","1":"post","2":"type-post","3":"status-publish","4":"format-standard","5":"has-post-thumbnail","7":"category-buecher","8":"tag-books","9":"tag-buecher","10":"tag-deutschland","11":"tag-entertainment","12":"tag-germany","13":"tag-unterhaltung"},"share_on_mastodon":{"url":"https:\/\/pubeurope.com\/@de\/114924359866909019","error":""},"_links":{"self":[{"href":"https:\/\/www.europesays.com\/de\/wp-json\/wp\/v2\/posts\/297560","targetHints":{"allow":["GET"]}}],"collection":[{"href":"https:\/\/www.europesays.com\/de\/wp-json\/wp\/v2\/posts"}],"about":[{"href":"https:\/\/www.europesays.com\/de\/wp-json\/wp\/v2\/types\/post"}],"author":[{"embeddable":true,"href":"https:\/\/www.europesays.com\/de\/wp-json\/wp\/v2\/users\/2"}],"replies":[{"embeddable":true,"href":"https:\/\/www.europesays.com\/de\/wp-json\/wp\/v2\/comments?post=297560"}],"version-history":[{"count":0,"href":"https:\/\/www.europesays.com\/de\/wp-json\/wp\/v2\/posts\/297560\/revisions"}],"wp:featuredmedia":[{"embeddable":true,"href":"https:\/\/www.europesays.com\/de\/wp-json\/wp\/v2\/media\/297561"}],"wp:attachment":[{"href":"https:\/\/www.europesays.com\/de\/wp-json\/wp\/v2\/media?parent=297560"}],"wp:term":[{"taxonomy":"category","embeddable":true,"href":"https:\/\/www.europesays.com\/de\/wp-json\/wp\/v2\/categories?post=297560"},{"taxonomy":"post_tag","embeddable":true,"href":"https:\/\/www.europesays.com\/de\/wp-json\/wp\/v2\/tags?post=297560"}],"curies":[{"name":"wp","href":"https:\/\/api.w.org\/{rel}","templated":true}]}}