{"id":297562,"date":"2025-07-27T08:55:13","date_gmt":"2025-07-27T08:55:13","guid":{"rendered":"https:\/\/www.europesays.com\/de\/297562\/"},"modified":"2025-07-27T08:55:13","modified_gmt":"2025-07-27T08:55:13","slug":"doku-soap-eines-reality-tv-stars-laeuft-nur-noch-diese-woche","status":"publish","type":"post","link":"https:\/\/www.europesays.com\/de\/297562\/","title":{"rendered":"Doku-Soap eines Reality-TV-Stars l\u00e4uft nur noch diese Woche"},"content":{"rendered":"<ol class=\"id-DonaldBreadcrumb lp_west_breadcrumb id-DonaldBreadcrumb--default\" data-k5a-pos=\"west_breadcrumb\">\n<li class=\"id-Breadcrumb-item\"><a href=\"https:\/\/www.merkur.de\/\" class=\"id-Breadcrumb-link\" data-id-ec=\"{\" shn=\"\" textlink=\"\" data-k5a-pos=\"1_startseite\" rel=\"nofollow noopener\" target=\"_blank\">Startseite<\/a><\/li>\n<li class=\"id-Breadcrumb-item\"><a href=\"https:\/\/www.merkur.de\/boulevard\/\" class=\"id-Breadcrumb-link\" data-id-ec=\"{\" shn=\"\" textlink=\"\" tv=\"\" data-k5a-pos=\"2_starsTv\" rel=\"nofollow noopener\" target=\"_blank\">Stars &amp; TV<\/a><\/li>\n<\/ol>\n<p class=\"id-Story-timestamp id-Story-timestamp--default\">Stand: 27.07.2025, 08:53 Uhr<\/p>\n<p class=\"id-Story-authors id-Story-authors--default\">Von: <a class=\"id-Story-authors-link lp_west_author\" href=\"https:\/\/www.merkur.de\/autor\/rebecca-holzapfel-i0omwoxm7.html\" title=\"Zur Autorenseite von Rebecca Holzapfel\" data-id-ec=\"{\" shn=\"\" author-link=\"\" holzapfel=\"\" data-k5a-pos=\"west_author\" rel=\"nofollow noopener\" target=\"_blank\">Rebecca Holzapfel<\/a><\/p>\n<p class=\"id-Story-interactionBar id-Story-interactionBar--default\">DruckenTeilen<\/p>\n<p class=\"id-StoryElement-leadText\">RTLZWEI zieht den Stecker. \u201eDiese B\u00fcchners\u201c mit Daniela B\u00fcchner wird schneller abgesetzt. F\u00fcr die pl\u00f6tzliche Programm\u00e4nderung soll es einen Grund geben.<\/p>\n<p class=\"id-StoryElement-paragraph\"><a href=\"https:\/\/www.merkur.de\/thema\/rtl-ii-org83214\/\" class=\"id-import-Link\" data-id-ec=\"{&quot;sht&quot;:&quot;Container&quot;,&quot;shn&quot;:&quot;Story&quot;,&quot;p&quot;:{&quot;containerType&quot;:&quot;Paragraph&quot;,&quot;displayType&quot;:&quot;Paragraph InlineLink&quot;,&quot;type&quot;:&quot;INLINE_LINK&quot;,&quot;value&quot;:&quot;RTLZWEI&quot;,&quot;variant&quot;:&quot;standardLink&quot;,&quot;sponsored&quot;:false,&quot;linkHref&quot;:&quot;https:\/\/www.merkur.de\/thema\/rtl-ii-org83214\/&quot;,&quot;storyElementPosition&quot;:8,&quot;storyElementCount&quot;:19}}\" rel=\"nofollow noopener\" target=\"_blank\">RTLZWEI<\/a> macht Schluss mit einer Doku-Soap eines Reality-Stars. Das Format \u201eDiese B\u00fcchners \u2013 Familientrubel unter Palmen\u201c wird vorzeitig beendet. Die Sendung begleitet seit 2024 das Leben der Familie um Daniela B\u00fcchner (auch <a href=\"https:\/\/www.merkur.de\/thema\/danni-buechner-per1520508\/\" class=\"id-import-Link\" data-id-ec=\"{&quot;sht&quot;:&quot;Container&quot;,&quot;shn&quot;:&quot;Story&quot;,&quot;p&quot;:{&quot;containerType&quot;:&quot;Paragraph&quot;,&quot;displayType&quot;:&quot;Paragraph InlineLink&quot;,&quot;type&quot;:&quot;INLINE_LINK&quot;,&quot;value&quot;:&quot;Danni B&#xFC;chner&quot;,&quot;variant&quot;:&quot;standardLink&quot;,&quot;sponsored&quot;:false,&quot;linkHref&quot;:&quot;https:\/\/www.merkur.de\/thema\/danni-buechner-per1520508\/&quot;,&quot;storyElementPosition&quot;:8,&quot;storyElementCount&quot;:19}}\" rel=\"nofollow noopener\" target=\"_blank\">Danni B\u00fcchner<\/a> genannt), die vor allem durch \u201e<a href=\"https:\/\/www.merkur.de\/thema\/goodbye-deutschland-sti862243\/\" class=\"id-import-Link\" data-id-ec=\"{&quot;sht&quot;:&quot;Container&quot;,&quot;shn&quot;:&quot;Story&quot;,&quot;p&quot;:{&quot;containerType&quot;:&quot;Paragraph&quot;,&quot;displayType&quot;:&quot;Paragraph InlineLink&quot;,&quot;type&quot;:&quot;INLINE_LINK&quot;,&quot;value&quot;:&quot;Goodbye Deutschland!&quot;,&quot;variant&quot;:&quot;standardLink&quot;,&quot;sponsored&quot;:false,&quot;linkHref&quot;:&quot;https:\/\/www.merkur.de\/thema\/goodbye-deutschland-sti862243\/&quot;,&quot;storyElementPosition&quot;:8,&quot;storyElementCount&quot;:19}}\" rel=\"nofollow noopener\" target=\"_blank\">Goodbye Deutschland!<\/a>\u201c und Formate wie das \u201e<a href=\"https:\/\/www.merkur.de\/thema\/dschungelcamp-sti46836\/\" class=\"id-import-Link\" data-id-ec=\"{&quot;sht&quot;:&quot;Container&quot;,&quot;shn&quot;:&quot;Story&quot;,&quot;p&quot;:{&quot;containerType&quot;:&quot;Paragraph&quot;,&quot;displayType&quot;:&quot;Paragraph InlineLink&quot;,&quot;type&quot;:&quot;INLINE_LINK&quot;,&quot;value&quot;:&quot;Dschungelcamp&quot;,&quot;variant&quot;:&quot;standardLink&quot;,&quot;sponsored&quot;:false,&quot;linkHref&quot;:&quot;https:\/\/www.merkur.de\/thema\/dschungelcamp-sti46836\/&quot;,&quot;storyElementPosition&quot;:8,&quot;storyElementCount&quot;:19}}\" rel=\"nofollow noopener\" target=\"_blank\">Dschungelcamp<\/a>\u201c bekannt wurde. Jetzt hat der Sender eine drastische Entscheidung getroffen, die ein schnelleres Ende der zweiten Staffel bedeutet.<\/p>\n<p>Ende der RTLZWEI-Serie: Doppelpack wegen schlechter Quoten<\/p>\n<p class=\"id-StoryElement-paragraph\">RTLZWEI \u00e4ndert kurzfristig das Programm und strahlt die beiden verbliebenen Folgen der 2. Staffel von \u201eDiese B\u00fcchners\u201c am kommenden Donnerstag, dem 24. Juli ab 22:15 Uhr im Doppelpack aus. Urspr\u00fcnglich liefen die Episoden um 21:15. Diese ungew\u00f6hnliche Programm\u00e4nderung deutet darauf hin, dass der Sender die Serie schnell hinter sich bringen m\u00f6chte. <\/p>\n<p><img decoding=\"async\" class=\"id-RatioPlaceholder-element wv_story_el_image\" src=\"https:\/\/www.europesays.com\/de\/wp-content\/uploads\/2025\/07\/39001968-diese-buechners-aus-der-wand-im-neuen-haus-tropft-es-danni-ist-am-ende-angekommen-PhBG.jpg\" loading=\"lazy\"   height=\"619\" width=\"1100\" alt=\"Diese B&#xFC;chners - Aus der Wand im neuen Haus tropft es! Danni ist &quot;am Ende angekommen&quot;.\"\/>RTLZWEI \u00e4ndert sein Programm: Doku-Soap eines Reality-TV-Stars l\u00e4uft nur noch diese Woche. \u00a9\u00a0RTL2<\/p>\n<p class=\"id-StoryElement-paragraph\">Laut dem Nachrichtenportal DWDL (Digitale Welt der Medien) hatte die Serie j\u00fcngst nur noch einen Marktanteil von 2,0 Prozent bei den 14- bis 49-J\u00e4hrigen erreicht und st\u00fcrzte damit auf ein neues Tief. Gestartet war das Format in der ersten Staffel mit 5,4 Prozent Marktanteil. Es entsteht der Eindruck, dass der Sender mit der Doppelausstrahlung der Folgen die Show schnell abschlie\u00dfen m\u00f6chte.<\/p>\n<p class=\"id-StoryElement-paragraph\">Gerade hat Daniela B\u00fcchner in einem Interview auch ihre Fans aufhorchen lassen &#8211; <a href=\"https:\/\/www.merkur.de\/boulevard\/beziehungsstatus-von-danni-buechner-enthuellt-hat-keiner-mitbekommen-zr-93837421.html\" class=\"id-import-Link\" data-id-ec=\"{&quot;sht&quot;:&quot;Container&quot;,&quot;shn&quot;:&quot;Story&quot;,&quot;p&quot;:{&quot;containerType&quot;:&quot;Paragraph&quot;,&quot;displayType&quot;:&quot;Paragraph InlineLink&quot;,&quot;type&quot;:&quot;INLINE_LINK&quot;,&quot;value&quot;:&quot;es geht n&#xE4;mlich um ihren Beziehungsstatus&quot;,&quot;variant&quot;:&quot;standardLink&quot;,&quot;sponsored&quot;:false,&quot;linkHref&quot;:&quot;https:\/\/www.merkur.de\/boulevard\/beziehungsstatus-von-danni-buechner-enthuellt-hat-keiner-mitbekommen-zr-93837421.html&quot;,&quot;storyElementPosition&quot;:15,&quot;storyElementCount&quot;:19}}\" rel=\"nofollow noopener\" target=\"_blank\">es geht n\u00e4mlich um ihren Beziehungsstatus<\/a>.<\/p>\n<p>So hei\u00dfen diese ber\u00fchmten Schlagerstars mit echtem Namen <img decoding=\"async\" class=\"id-RatioPlaceholder-element wv_story_el_interstitialImage\" src=\"https:\/\/www.europesays.com\/de\/wp-content\/uploads\/2025\/04\/37627449-andrea-berg-im-roten-glitzerkleid-auf-der-buehne-peter-maffay-mit-gitarre-close-up-von-mich.jpeg\" loading=\"lazy\"   height=\"2160\" width=\"3240\" alt=\"Andrea Berg im roten Glitzerkleid auf der B&#xFC;hne. Peter Maffay mit Gitarre. Close-up von Michelle mit Mikro auf der B&#xFC;hne (Fotomontage)\"\/><a href=\"https:\/\/www.merkur.de\/boulevard\/mit-echtem-namen-so-heissen-diese-beruehmten-schlagerstars-zr-93664446.html\" class=\"id-StoryElement-intestitialLink-link\" data-id-ec=\"{\" shn=\"\" ansehen=\"\" data-k5a-pos=\"west_story_16_photoGalleryLink\" title=\"Zur Fotostrecke: So hei&#xDF;en diese ber&#xFC;hmten Schlagerstars mit echtem Namen \" rel=\"nofollow noopener\" target=\"_blank\">Fotostrecke ansehen<\/a>Am 31. Juli auf RTLZWEI l\u00e4uft dann eine andere Realitysoap <\/p>\n<p class=\"id-StoryElement-paragraph\">In der n\u00e4chsten Woche l\u00e4uft dann stattdessen die Realitysoap \u201eAggressives Deutschland\u201c. Ebenfalls negativ-spannungsgeladen geht es momentan bei der Familie \u201eDie Wollnys\u201c zu, die auf RTLZWEI l\u00e4uft: Mutter <a href=\"https:\/\/www.merkur.de\/boulevard\/polizei-sucht-nach-ihrer-tochter-silvia-wollny-wendet-sich-mit-bitte-an-fans-zr-93816843.html\" class=\"id-import-Link\" data-id-ec=\"{&quot;sht&quot;:&quot;Container&quot;,&quot;shn&quot;:&quot;Story&quot;,&quot;p&quot;:{&quot;containerType&quot;:&quot;Paragraph&quot;,&quot;displayType&quot;:&quot;Paragraph InlineLink&quot;,&quot;type&quot;:&quot;INLINE_LINK&quot;,&quot;value&quot;:&quot;Silvia Wollny wandte sich mit einem dramatischen Aufruf an ihre Instagram-Follower&quot;,&quot;variant&quot;:&quot;standardLink&quot;,&quot;sponsored&quot;:false,&quot;linkHref&quot;:&quot;https:\/\/www.merkur.de\/boulevard\/polizei-sucht-nach-ihrer-tochter-silvia-wollny-wendet-sich-mit-bitte-an-fans-zr-93816843.html&quot;,&quot;storyElementPosition&quot;:19,&quot;storyElementCount&quot;:19}}\" rel=\"nofollow noopener\" target=\"_blank\">Silvia Wollny wandte sich mit einem dramatischen Aufruf an ihre Instagram-Follower<\/a> und behauptete, ihre Tochter Calantha werde von der Polizei gesucht.<\/p>\n","protected":false},"excerpt":{"rendered":"Startseite Stars &amp; TV Stand: 27.07.2025, 08:53 Uhr Von: Rebecca Holzapfel DruckenTeilen RTLZWEI zieht den Stecker. \u201eDiese B\u00fcchners\u201c&hellip;\n","protected":false},"author":2,"featured_media":297563,"comment_status":"","ping_status":"","sticky":false,"template":"","format":"standard","meta":{"footnotes":""},"categories":[1773],"tags":[29,214,30,471,1780,215],"class_list":{"0":"post-297562","1":"post","2":"type-post","3":"status-publish","4":"format-standard","5":"has-post-thumbnail","7":"category-serien","8":"tag-deutschland","9":"tag-entertainment","10":"tag-germany","11":"tag-serien","12":"tag-series","13":"tag-unterhaltung"},"share_on_mastodon":{"url":"https:\/\/pubeurope.com\/@de\/114924363725721005","error":""},"_links":{"self":[{"href":"https:\/\/www.europesays.com\/de\/wp-json\/wp\/v2\/posts\/297562","targetHints":{"allow":["GET"]}}],"collection":[{"href":"https:\/\/www.europesays.com\/de\/wp-json\/wp\/v2\/posts"}],"about":[{"href":"https:\/\/www.europesays.com\/de\/wp-json\/wp\/v2\/types\/post"}],"author":[{"embeddable":true,"href":"https:\/\/www.europesays.com\/de\/wp-json\/wp\/v2\/users\/2"}],"replies":[{"embeddable":true,"href":"https:\/\/www.europesays.com\/de\/wp-json\/wp\/v2\/comments?post=297562"}],"version-history":[{"count":0,"href":"https:\/\/www.europesays.com\/de\/wp-json\/wp\/v2\/posts\/297562\/revisions"}],"wp:featuredmedia":[{"embeddable":true,"href":"https:\/\/www.europesays.com\/de\/wp-json\/wp\/v2\/media\/297563"}],"wp:attachment":[{"href":"https:\/\/www.europesays.com\/de\/wp-json\/wp\/v2\/media?parent=297562"}],"wp:term":[{"taxonomy":"category","embeddable":true,"href":"https:\/\/www.europesays.com\/de\/wp-json\/wp\/v2\/categories?post=297562"},{"taxonomy":"post_tag","embeddable":true,"href":"https:\/\/www.europesays.com\/de\/wp-json\/wp\/v2\/tags?post=297562"}],"curies":[{"name":"wp","href":"https:\/\/api.w.org\/{rel}","templated":true}]}}