{"id":297636,"date":"2025-07-27T09:42:11","date_gmt":"2025-07-27T09:42:11","guid":{"rendered":"https:\/\/www.europesays.com\/de\/297636\/"},"modified":"2025-07-27T09:42:11","modified_gmt":"2025-07-27T09:42:11","slug":"sprengung-in-duisburg-hochhaus-weisser-riese-ist-geschichte-regional","status":"publish","type":"post","link":"https:\/\/www.europesays.com\/de\/297636\/","title":{"rendered":"Sprengung in Duisburg: Hochhaus \u201eWei\u00dfer Riese\u201c ist Geschichte | Regional"},"content":{"rendered":"<p>Duisburg (Nordrhein-Westfalen) \u2013 <b>\u00dcber 2200 Anwohner im Stadtteil Hochheide in Duisburg mussten ihre Wohnungen verlassen. Ein weiterer \u201eWei\u00dfer Riese\u201c wird gesprengt.<\/b><\/p>\n<p>Um Punkt 12 Uhr werden 300 Kilo Nitropenta im Duisburger Stadtteil Hochheide (<a href=\"https:\/\/www.bild.de\/regional\/nordrhein-westfalen\/home-npIP0qL0giWP1ZFIOHn2\" class=\"text-link\" target=\"_blank\" rel=\"noopener\">Nordrhein-Westfalen<\/a>) explodieren. Zwei heftige Explosionen im Abstand von drei Sekunden werden die Evakuierungszone ersch\u00fcttern, acht Sekunden sp\u00e4ter <a href=\"https:\/\/www.bild.de\/regional\/ruhrgebiet\/hochhaus-weisser-riese-wird-gesprengt-riesige-evakuierung-in-duisburg-6883503210b8f718b6501199\" class=\"text-link\" target=\"_blank\" rel=\"noopener\">ist ein \u201eWei\u00dfer Riese\u201c Geschichte<\/a>. Das asbestverseuchte Hochhaus f\u00e4llt in einer gigantischen Staubwolke in sich zusammen, zur\u00fcck bleiben 35.000 Tonnen Schutt und Tr\u00fcmmer.<\/p>\n<p>Seit 2020 stand der 63 Meter hohe Koloss leer, 160 Wohnungen verteilten sich hier einst auf 22 Etagen. Der Wohnpark Hochheide (umgangssprachlich \u201eWei\u00dfe Riesen\u201c genannt) ist ein Komplex aus ehemals sechs Punkthochh\u00e4usern. Er wurde 1974 auf einem Teil des Gel\u00e4ndes einer alten Bergarbeitersiedlung (sogenannte Rheinpreu\u00dfen-Siedlung) fertiggestellt.<\/p>\n<p>Ein halbes Jahr lang bereitete die Stadt die Sprengung vor. Das Geb\u00e4ude wurde vorgeschw\u00e4cht, 600 Z\u00fcnder angebracht, zwanzig Kubikmeter Wasser auf dem Dach verteilt, um die Staubwolke zu minimieren. Die Kosten f\u00fcr die gewaltige Sprengung d\u00fcrften sich nach BILD-Informationen auf mehrere Hunderttausend Euro belaufen.<\/p>\n<p>Duisburgs Oberb\u00fcrgermeister S\u00f6ren Link (49, SPD) zu BILD: \u201eWir haben eigentlich einen intakten Stadtteil, der zu einem Problembereich geworden ist. Wir haben leer stehende H\u00e4user aufgekauft, Mieter umgesiedelt, um ein neues sch\u00f6nes und gr\u00fcnes Quartier erschaffen zu k\u00f6nnen.\u201c<\/p>\n<p>Der Stadtteil Hochheide gilt als sozialer Brennpunkt, die Stadt will die Gegend mit der Entfernung von insgesamt drei Hochh\u00e4usern aufwerten. Zwei andere \u201eWei\u00dfe Riesen\u201c wurden bereits 2019 und 2021 weggesprengt. Jetzt ist an der Stelle eine Gr\u00fcnanlage geplant, der erste Spatenstich f\u00fcr den neuen Stadtpark war bereits im Mai.<\/p>\n<p>Bis der Schutt zerkleinert und abtransportiert ist, werden aber noch Monate vergehen. <\/p>\n<p>Gl\u00fcckaufstra\u00dfe 2, 2A, 4, 6, 8, 10<\/p>\n<p>Hanielstra\u00dfe 9, 13, 17, 19, 21, 23, 25, 27, 36, 38, 40, 42<\/p>\n<p>Kirchstra\u00dfe 116, 118, 120, 124, 126, 128, 130, 132, 134, 136, 138, 153, 155, 157, 159, 161, 165, 165A, 165B, 169, 171, 173, 175, 177, 179, 181, 183<\/p>\n<p>Moerser Stra\u00dfe 180, 202, 210, 212, 214, 216, 218, 220, 222, 224, 226, 228, 229, 230, 232, 234, 235, 236, 237, 239, 241, 241A<\/p>\n<p> Ottostra\u00dfe 32, 34, 36, 38, 40, 42, 44, 46, 48, 50, 52, 53, 53A, 55, 58, 60, 62, 64<\/p>\n<p> Prinzenstra\u00dfe  3, 3A<\/p>\n","protected":false},"excerpt":{"rendered":"Duisburg (Nordrhein-Westfalen) \u2013 \u00dcber 2200 Anwohner im Stadtteil Hochheide in Duisburg mussten ihre Wohnungen verlassen. Ein weiterer \u201eWei\u00dfer&hellip;\n","protected":false},"author":2,"featured_media":297637,"comment_status":"","ping_status":"","sticky":false,"template":"","format":"standard","meta":{"footnotes":""},"categories":[1838],"tags":[2461,3364,29,3715,6308,30,1209,72724,8751,45],"class_list":{"0":"post-297636","1":"post","2":"type-post","3":"status-publish","4":"format-standard","5":"has-post-thumbnail","7":"category-duisburg","8":"tag-baustelle","9":"tag-de","10":"tag-deutschland","11":"tag-duisburg","12":"tag-evakuierung","13":"tag-germany","14":"tag-nordrhein-westfalen","15":"tag-sprengkoerper","16":"tag-sprengung","17":"tag-texttospeech"},"share_on_mastodon":{"url":"https:\/\/pubeurope.com\/@de\/114924548518672496","error":""},"_links":{"self":[{"href":"https:\/\/www.europesays.com\/de\/wp-json\/wp\/v2\/posts\/297636","targetHints":{"allow":["GET"]}}],"collection":[{"href":"https:\/\/www.europesays.com\/de\/wp-json\/wp\/v2\/posts"}],"about":[{"href":"https:\/\/www.europesays.com\/de\/wp-json\/wp\/v2\/types\/post"}],"author":[{"embeddable":true,"href":"https:\/\/www.europesays.com\/de\/wp-json\/wp\/v2\/users\/2"}],"replies":[{"embeddable":true,"href":"https:\/\/www.europesays.com\/de\/wp-json\/wp\/v2\/comments?post=297636"}],"version-history":[{"count":0,"href":"https:\/\/www.europesays.com\/de\/wp-json\/wp\/v2\/posts\/297636\/revisions"}],"wp:featuredmedia":[{"embeddable":true,"href":"https:\/\/www.europesays.com\/de\/wp-json\/wp\/v2\/media\/297637"}],"wp:attachment":[{"href":"https:\/\/www.europesays.com\/de\/wp-json\/wp\/v2\/media?parent=297636"}],"wp:term":[{"taxonomy":"category","embeddable":true,"href":"https:\/\/www.europesays.com\/de\/wp-json\/wp\/v2\/categories?post=297636"},{"taxonomy":"post_tag","embeddable":true,"href":"https:\/\/www.europesays.com\/de\/wp-json\/wp\/v2\/tags?post=297636"}],"curies":[{"name":"wp","href":"https:\/\/api.w.org\/{rel}","templated":true}]}}