{"id":297647,"date":"2025-07-27T09:48:13","date_gmt":"2025-07-27T09:48:13","guid":{"rendered":"https:\/\/www.europesays.com\/de\/297647\/"},"modified":"2025-07-27T09:48:13","modified_gmt":"2025-07-27T09:48:13","slug":"sachsen-hunderte-teilnehmer-beim-elbeschwimmen-in-dresden","status":"publish","type":"post","link":"https:\/\/www.europesays.com\/de\/297647\/","title":{"rendered":"Sachsen: Hunderte Teilnehmer beim Elbeschwimmen in Dresden"},"content":{"rendered":"<p>                    Sachsen<br \/>\n                Hunderte Teilnehmer beim Elbeschwimmen in Dresden<\/p>\n<p>\t\t\t\t              27.07.2025, 11:29 Uhr<\/p>\n<p><strong>In Badesachen oder bunten Kost\u00fcmen in der Elbe schwimmen &#8211; das ist einmal im Jahr in Dresden m\u00f6glich. Das Elbeschwimmen hat inzwischen schon eine jahrzehntelange Tradition.<\/strong><\/p>\n<p>Dresden (dpa\/sn) &#8211; Wenn sich Hunderte Menschen teilweise bunt kost\u00fcmiert in die Elbe st\u00fcrzen, dann ist Elbeschwimmen in Dresden. Die traditionelle Veranstaltung fand am Sonntag zum 28. Mal statt. Die Schwimmerinnen und Schwimmer legten bei 21,5 Grad Wassertemperatur eine Strecke von 3,5 Kilometern mit der Str\u00f6mung des Flusses zur\u00fcck.\u00a0<\/p>\n<p>Das Elbeschwimmen werde immer beliebter, sagte der Cheforganisator des Events, Daniel Baumann. Die Veranstalter seien gar nicht auf Teilnehmer-Rekorde aus. &#8222;Aber man merkt die zunehmende Begeisterung der Leute. Die kommen von selbst, wir br\u00e4uchten gar nicht so viel Werbung zu machen.&#8220;<\/p>\n<p>Voriges Jahr hatten sich genau 1.914 Menschen am Elbeschwimmen beteiligt. Die j\u00fcngsten Schwimmer sind nach Angaben der Veranstalter meistens um die acht Jahre alt und schwimmen in Begleitung ihrer Eltern. Als \u00e4lteste Teilnehmer halten \u00fcber 80-j\u00e4hrige dem Elbeschwimmen die Treue.<\/p>\n","protected":false},"excerpt":{"rendered":"Sachsen Hunderte Teilnehmer beim Elbeschwimmen in Dresden 27.07.2025, 11:29 Uhr In Badesachen oder bunten Kost\u00fcmen in der Elbe&hellip;\n","protected":false},"author":2,"featured_media":297648,"comment_status":"","ping_status":"","sticky":false,"template":"","format":"standard","meta":{"footnotes":""},"categories":[1835],"tags":[3364,29,2386,86773,30,16555,859,7115],"class_list":{"0":"post-297647","1":"post","2":"type-post","3":"status-publish","4":"format-standard","5":"has-post-thumbnail","7":"category-dresden","8":"tag-de","9":"tag-deutschland","10":"tag-dresden","11":"tag-elbeschwimmen","12":"tag-germany","13":"tag-hunderte","14":"tag-sachsen","15":"tag-teilnehmer"},"share_on_mastodon":{"url":"https:\/\/pubeurope.com\/@de\/114924572107149113","error":""},"_links":{"self":[{"href":"https:\/\/www.europesays.com\/de\/wp-json\/wp\/v2\/posts\/297647","targetHints":{"allow":["GET"]}}],"collection":[{"href":"https:\/\/www.europesays.com\/de\/wp-json\/wp\/v2\/posts"}],"about":[{"href":"https:\/\/www.europesays.com\/de\/wp-json\/wp\/v2\/types\/post"}],"author":[{"embeddable":true,"href":"https:\/\/www.europesays.com\/de\/wp-json\/wp\/v2\/users\/2"}],"replies":[{"embeddable":true,"href":"https:\/\/www.europesays.com\/de\/wp-json\/wp\/v2\/comments?post=297647"}],"version-history":[{"count":0,"href":"https:\/\/www.europesays.com\/de\/wp-json\/wp\/v2\/posts\/297647\/revisions"}],"wp:featuredmedia":[{"embeddable":true,"href":"https:\/\/www.europesays.com\/de\/wp-json\/wp\/v2\/media\/297648"}],"wp:attachment":[{"href":"https:\/\/www.europesays.com\/de\/wp-json\/wp\/v2\/media?parent=297647"}],"wp:term":[{"taxonomy":"category","embeddable":true,"href":"https:\/\/www.europesays.com\/de\/wp-json\/wp\/v2\/categories?post=297647"},{"taxonomy":"post_tag","embeddable":true,"href":"https:\/\/www.europesays.com\/de\/wp-json\/wp\/v2\/tags?post=297647"}],"curies":[{"name":"wp","href":"https:\/\/api.w.org\/{rel}","templated":true}]}}