{"id":297721,"date":"2025-07-27T10:29:18","date_gmt":"2025-07-27T10:29:18","guid":{"rendered":"https:\/\/www.europesays.com\/de\/297721\/"},"modified":"2025-07-27T10:29:18","modified_gmt":"2025-07-27T10:29:18","slug":"89-jaehrige-stirbt-nach-wohnungsbrand-in-halle","status":"publish","type":"post","link":"https:\/\/www.europesays.com\/de\/297721\/","title":{"rendered":"89-J\u00e4hrige stirbt nach Wohnungsbrand in Halle"},"content":{"rendered":"<p class=\"is-first-paragraph\" data-external=\"Article.FirstParagraph\">Bei einem Wohnungsbrand in Halle ist am Samstag eine 89-j\u00e4hrige Frau ums Leben gekommen. Nach Angaben der Polizei entdeckten Feuerwehrkr\u00e4fte die Bewohnerin am Nachmittag in der N\u00e4he des vermutlichen Brandherds schwer verletzt \u2013 sie starb sp\u00e4ter im Krankenhaus. Die Flammen konnten auf ihre Wohnung im zweiten Obergeschoss begrenzt werden. Die \u00fcbrigen Hausbewohner blieben unverletzt.<\/p>\n<p>Ersten Erkenntnissen zufolge k\u00f6nnte der Brand von einem Pflegebett ausgegangen sein. Die Kriminalpolizei hat Ermittlungen zur Todes- und Brandursache eingeleitet. Eine Spezialgruppe soll den Brandort in den kommenden Tagen untersuchen. Der Schaden ist derzeit noch unklar.<\/p>\n","protected":false},"excerpt":{"rendered":"Bei einem Wohnungsbrand in Halle ist am Samstag eine 89-j\u00e4hrige Frau ums Leben gekommen. Nach Angaben der Polizei&hellip;\n","protected":false},"author":2,"featured_media":297722,"comment_status":"","ping_status":"","sticky":false,"template":"","format":"standard","meta":{"footnotes":""},"categories":[1860],"tags":[3364,29,548,663,3934,30,4062,17332,13,14,15,17331,860,12],"class_list":{"0":"post-297721","1":"post","2":"type-post","3":"status-publish","4":"format-standard","5":"has-post-thumbnail","7":"category-halle-saale","8":"tag-de","9":"tag-deutschland","10":"tag-eu","11":"tag-europa","12":"tag-europe","13":"tag-germany","14":"tag-halle","15":"tag-halle-saale","16":"tag-headlines","17":"tag-nachrichten","18":"tag-news","19":"tag-saale","20":"tag-sachsen-anhalt","21":"tag-schlagzeilen"},"share_on_mastodon":{"url":"https:\/\/pubeurope.com\/@de\/114924733401053380","error":""},"_links":{"self":[{"href":"https:\/\/www.europesays.com\/de\/wp-json\/wp\/v2\/posts\/297721","targetHints":{"allow":["GET"]}}],"collection":[{"href":"https:\/\/www.europesays.com\/de\/wp-json\/wp\/v2\/posts"}],"about":[{"href":"https:\/\/www.europesays.com\/de\/wp-json\/wp\/v2\/types\/post"}],"author":[{"embeddable":true,"href":"https:\/\/www.europesays.com\/de\/wp-json\/wp\/v2\/users\/2"}],"replies":[{"embeddable":true,"href":"https:\/\/www.europesays.com\/de\/wp-json\/wp\/v2\/comments?post=297721"}],"version-history":[{"count":0,"href":"https:\/\/www.europesays.com\/de\/wp-json\/wp\/v2\/posts\/297721\/revisions"}],"wp:featuredmedia":[{"embeddable":true,"href":"https:\/\/www.europesays.com\/de\/wp-json\/wp\/v2\/media\/297722"}],"wp:attachment":[{"href":"https:\/\/www.europesays.com\/de\/wp-json\/wp\/v2\/media?parent=297721"}],"wp:term":[{"taxonomy":"category","embeddable":true,"href":"https:\/\/www.europesays.com\/de\/wp-json\/wp\/v2\/categories?post=297721"},{"taxonomy":"post_tag","embeddable":true,"href":"https:\/\/www.europesays.com\/de\/wp-json\/wp\/v2\/tags?post=297721"}],"curies":[{"name":"wp","href":"https:\/\/api.w.org\/{rel}","templated":true}]}}