{"id":297888,"date":"2025-07-27T11:59:16","date_gmt":"2025-07-27T11:59:16","guid":{"rendered":"https:\/\/www.europesays.com\/de\/297888\/"},"modified":"2025-07-27T11:59:16","modified_gmt":"2025-07-27T11:59:16","slug":"die-feuerwehr-stellt-sich-vor-denn-die-feuerwehr-ist-fuer-alle-da-blicklokal","status":"publish","type":"post","link":"https:\/\/www.europesays.com\/de\/297888\/","title":{"rendered":"\u201eDie Feuerwehr stellt sich vor \u2013 denn die Feuerwehr ist f\u00fcr Alle da\u201c \u2013 BlickLokal"},"content":{"rendered":"<p><a href=\"https:\/\/cache.pressmailing.net\/thumbnail\/story_hires\/0afaf4c5-a6a7-4789-91b5-0decd645f46c\/20250726-06.JPG.jpg\" class=\"glightbox-pseudo event-trigger\" data-description=\"Die Feuerwehr bot ihre Ausstattung zum &quot;Anfassen&quot;\" data-category=\"medialightbox\" data-action=\"click\" data-label=\"single\" data-value=\"6886079b270000fd2c105cf4\" data-slb-active=\"1\" data-slb-asset=\"1937709808\" data-slb-group=\"72861\" target=\"_blank\" rel=\"noopener\"><img decoding=\"async\" height=\"540\" src=\"https:\/\/www.europesays.com\/de\/wp-content\/uploads\/2025\/07\/fw-ka-die-feuerwehr-stellt-sich-vor-denn-die-feuerwehr-ist-f-r-alle-da.jpeg\" alt=\"FW-KA: &quot;Die Feuerwehr stellt sich vor - denn die Feuerwehr ist f\u00fcr Alle da&quot;\" class=\"single\"\/><\/p>\n<p><\/a><\/p>\n<p><a data-category=\"citylink-story-view\" data-action=\"click\" data-label=\"Citylink in Meldungsansicht\" class=\"story-city event-trigger\" href=\"https:\/\/www.presseportal.de\/regional\/Stutensee%252FLandkreis%20Karlsruhe\" title=\"News aus Stutensee\/Landkreis Karlsruhe\" target=\"_blank\" rel=\"noopener\">Stutensee\/Landkreis Karlsruhe<\/a> (ots)<\/p>\n<p>Die Feuerwehr im Landkreis Karlsruhe hat sich Gefl\u00fcchteten in und bei der Mensa im Schulzentrum Stutensee pr\u00e4sentiert. Feuerwehrfahrzeuge, Spielst\u00e4nde, ein Spritzspiel und viele Informationen rund um das Thema Feuerwehr wurden angeboten. \u201eWir gestalten das Miteinander in den Feuerwehren offen und wir wollen signalisieren und bewusst machen, dass Menschen jeder Herkunft bei uns willkommen sind\u201c, so formulierte die stellvertretende Vorsitzende des Kreisfeuerwehrverbandes, Agathe Meinzer die Ziele dieser Veranstaltung. Gekommen sind dann weit mehr als urspr\u00fcnglich zu diesem Termin angemeldet oder erwartet waren. \u201eWeit \u00fcber 20 Eltern mit ihren Kindern, die bereits seit einiger Zeit oder erst vor Kurzem Zuflucht bei und gefunden haben, nutzten unser Angebot\u201c, stellt Meinzer sehr zufrieden fest.<\/p>\n<p>Gerne hatte der Kreisfeuerwehrverband die Initiative von Knut B\u00fchler, Erster Landesbeamter im Landratsamt Karlsruhe aufgenommen und unter der Leitung von Agathe Meinzer das Konzept \u201eInformationsveranstaltungen f\u00fcr Gefl\u00fcchtete\u201c in einem Arbeitskreis erarbeitet. \u201eIch bin begeistert, mit welchem gro\u00dfartigen Einsatz die Angeh\u00f6rigen der Freiwilligen Feuerwehr Stutensee und die Mitglieder in unserem Arbeitskreis heute auf die Besucherschar zugegangen sind. Sie alle haben umfassende Informationen weitergeben und so auch aktiv um Mitglieder f\u00fcr unsere Feuerwehren geworben\u201c, sprach Meinzer in ihrem Dank an alle Beteiligten, und insbesondere der \u00f6rtlichen Feuerwehr mit Kommandant Gregor Peters, aus.<\/p>\n<p>Diese gemeinsame Veranstaltung wurde vom Landkreis Karlsruhe, der Stadt Stutensee, dem Verein Fl\u00fcchtlingshilfe Stutensee e.V., dem Kreisfeuerwehrverband und der Feuerwehr Stutensee getragen. In und um die Mensa im Stutensee waren die St\u00e4nde aufgebaut und die Feuerwehrfahrzeuge zum Anschauen und kennenlernen aufgestellt. Feuerwehrangeh\u00f6rige informierten \u00fcber das Verhalten bei einem Feuer, gaben Hinweise zu Meldungen \u00fcber die Notrufnummer 112 und stellten die Struktur und den Aufbau der Feuerwehren in den St\u00e4dten und Gemeinde vor. Hinweise zur Vermeidung von Schadensfeuern rundeten das Informationsangebot ab. Rede und Antwort standen Feuerwehrangeh\u00f6rigen aus verschiedenen Feuerwehren des Landkreises. Viele von Ihnen engagieren sich im dem von Agathe Meinzer geleiteten Arbeitskreis \u201eplus 50\u201c.<\/p>\n<p>\u201eAlle ehrenamtlichen Organisationen stellen sich der Herausforderung Nachwuchs zu gewinnen. Bei den Feuerwehren sind Frauen und M\u00e4nner mit Migrationshintergrund unterrepr\u00e4sentiert. Es gilt Vorbehalte abzubauen, einiges zum Anfassen zu pr\u00e4sentieren und so auch ins Gespr\u00e4ch zu kommen\u201c, fasste Knut B\u00fchler den besonderen Stellwert der heutigen Veranstaltung zusammen. Er war gemeinsam mit Dominik Wolf, stellvertretender Kreisbrandmeister, Daniel Antonowitsch, Unterkreisf\u00fchrer und Eckhard Helms, Vorsitzender des Kreisfeuerwehrverbandes interessierter Besucher in Stutensee.<br \/>Begeistert zeigte sich auch die Integrationsbeauftrage der Stadt Stutensee, Christiane Seidl-Behrend. \u201eDie Feuerwehr hat heute etwas ganz tolles auf die Beine gestellt. Man hat Spannung, Spiel und Spa\u00df f\u00fcr die interessierte Familien geboten und diese mit offenen Armen empfangen\u201c, res\u00fcmierte Sie f\u00fcr die gastgebende Stadt. Sie vertrat gemeinsam mit der Ersten B\u00fcrgermeisterin Tamara Sch\u00f6nhaar den Mitgastgeber.<br \/>Mit eingebracht haben sich auch die Mitglieder der sehr aktiven und engagierten Fl\u00fcchtlingshilfe in der Gro\u00dfen Kreisstadt Stutensee. \u201eWir sind dankbar, dass die vielen ehrenamtlichen Feuerwehrangeh\u00f6rigen sich die Zeit f\u00fcr diese Veranstaltung genommen haben. Gerne auch, um das eine oder andere neue Mitglied f\u00fcr die Feuerwehr motivieren und begeistern zu k\u00f6nnen\u201c, sprach deren Vorsitzender Alexander Koch \u00fcber das Engagement der Feuerwehrleute. Sein Verein hat auch die leckeren afghanischen Speisen und Leckereien zur Veranstaltung beigesteuert. \u201eWir sind dankbar, wenn wir solche Angebote gerade aus dem Kreis der Gefl\u00fcchteten bekommen. Sie sind stundenlang t\u00e4tig, um uns ihre landestypischen Speisen und K\u00f6stlichkeiten zubereiten\u201c, f\u00fcgte er noch an.<br \/>Aus dem Kreis der Besucher wurde den Veranstaltern auch f\u00fcr die Idee und Umsetzung gedankt. \u201eWir haben in schlimmen Zeiten des Krieges in unserer Heimat auch dort die Bedeutung und Arbeit der Feuerwehrleute kennen und sch\u00e4tzen gelernt. Das tun wir auch gerne hier; wenn auch hier alles moderner und als gutes System organisiert ist\u201c, sprach eine Frau aus Syrien aus. Ihre 13 j\u00e4hrige Tochter war sehr an der Arbeit in der Feuerwehr interessiert und erkundigte sich bei den anwesenden Jugendbetreuern auch gleich \u00fcber Termine bei der Jugendfeuerwehr. \u201eIch habe heute in Stutensee Berge gesehen\u201c, berichtete sie nach der Fahrt im Korb der Drehleiter. Immerhin 30 m ragte diese in der Himmel \u00fcber dem Schulhof im Schulzentrum und bot Blicke bis zum Kraichgau und in die Pfalz.<br \/>In einer kulturell vielf\u00e4ltigen Gesellschaft ist interkulturelle Kompetenz auch bei den Feuerwehren eine immer wichtiger werdende  Qualifikation. Die Feuerwehren bieten allen Menschen, die ihre Werte teilen, die M\u00f6glichkeit den sozialen Zusammenhalt durch eigenes ehren- und hauptamtliches Engagement in der Feuerwehr zu st\u00e4rken.<br \/>\u201eUnser Engagement ist ein unverzichtbarer Beitrag f\u00fcr die Gesellschaft, verbindet und schafft Gemeinschaft\u201c, stellte Agathe Meinzer zufrieden nach einer sehr gelungenen Veranstaltung fest.<\/p>\n<p class=\"contact-headline\">R\u00fcckfragen bitte an:<\/p>\n<p class=\"contact-text\">Kreisfeuerwehrverband Landkreis Karlsruhe<br \/>Pressesprecher<br \/>Edgar Gei\u00dfler<br \/>Telefon: 0171 1222723<br \/>E-Mail: <a href=\"https:\/\/www.blicklokal.de\/fw-ka-die-feuerwehr-stellt-sich-vor-denn-die-feuerwehr-ist-fuer-alle-da-4\/mailto:%20edgar.geissler@kfv-karlsruhe.de\" class=\"uri-mailto\" target=\"_blank\" rel=\"noopener\"> edgar.geissler@kfv-karlsruhe.de<\/a><br \/>Internet: <a target=\"_blank\" class=\"uri-ext outbound\" rel=\"noopener\" href=\"http:\/\/www.kfv-ka.de\">http:\/\/www.kfv-ka.de<\/a><\/p>\n<p class=\"originator\">Original-Content von: Kreisfeuerwehrverband Landkreis Karlsruhe, \u00fcbermittelt durch news aktuell<\/p>\n","protected":false},"excerpt":{"rendered":"Stutensee\/Landkreis Karlsruhe (ots) Die Feuerwehr im Landkreis Karlsruhe hat sich Gefl\u00fcchteten in und bei der Mensa im Schulzentrum&hellip;\n","protected":false},"author":2,"featured_media":155929,"comment_status":"","ping_status":"","sticky":false,"template":"","format":"standard","meta":{"footnotes":""},"categories":[1844],"tags":[40332,40331,12277,1634,40330,40337,3364,29,4447,30,8903,40333,14,15,40335,40329,40334,23879,3866,40336,40328],"class_list":{"0":"post-297888","1":"post","2":"type-post","3":"status-publish","4":"format-standard","5":"has-post-thumbnail","7":"category-karlsruhe","8":"tag-anzeigenblatt-main-tauber","9":"tag-anzeigenblatt-neckar-odenwald","10":"tag-anzeigenwerbung","11":"tag-baden-wuerttemberg","12":"tag-beilagenwerbung-wertheim","13":"tag-blicklokal","14":"tag-de","15":"tag-deutschland","16":"tag-events","17":"tag-germany","18":"tag-karlsruhe","19":"tag-kleinanzeigen-main-tauber","20":"tag-nachrichten","21":"tag-news","22":"tag-printwerbung-main-tauber","23":"tag-prospektbeilage-tauberbischofsheim","24":"tag-prospektverteilung-tauberbischofsheim","25":"tag-rothenburg-ob-der-tauber","26":"tag-veranstaltungen","27":"tag-wertheim","28":"tag-wochenzeitung-main-tauber"},"share_on_mastodon":{"url":"https:\/\/pubeurope.com\/@de\/114925087406450468","error":""},"_links":{"self":[{"href":"https:\/\/www.europesays.com\/de\/wp-json\/wp\/v2\/posts\/297888","targetHints":{"allow":["GET"]}}],"collection":[{"href":"https:\/\/www.europesays.com\/de\/wp-json\/wp\/v2\/posts"}],"about":[{"href":"https:\/\/www.europesays.com\/de\/wp-json\/wp\/v2\/types\/post"}],"author":[{"embeddable":true,"href":"https:\/\/www.europesays.com\/de\/wp-json\/wp\/v2\/users\/2"}],"replies":[{"embeddable":true,"href":"https:\/\/www.europesays.com\/de\/wp-json\/wp\/v2\/comments?post=297888"}],"version-history":[{"count":0,"href":"https:\/\/www.europesays.com\/de\/wp-json\/wp\/v2\/posts\/297888\/revisions"}],"wp:featuredmedia":[{"embeddable":true,"href":"https:\/\/www.europesays.com\/de\/wp-json\/wp\/v2\/media\/155929"}],"wp:attachment":[{"href":"https:\/\/www.europesays.com\/de\/wp-json\/wp\/v2\/media?parent=297888"}],"wp:term":[{"taxonomy":"category","embeddable":true,"href":"https:\/\/www.europesays.com\/de\/wp-json\/wp\/v2\/categories?post=297888"},{"taxonomy":"post_tag","embeddable":true,"href":"https:\/\/www.europesays.com\/de\/wp-json\/wp\/v2\/tags?post=297888"}],"curies":[{"name":"wp","href":"https:\/\/api.w.org\/{rel}","templated":true}]}}