{"id":298108,"date":"2025-07-27T13:59:14","date_gmt":"2025-07-27T13:59:14","guid":{"rendered":"https:\/\/www.europesays.com\/de\/298108\/"},"modified":"2025-07-27T13:59:14","modified_gmt":"2025-07-27T13:59:14","slug":"leipzig-wird-ladenhueter-nicht-los-4-mio-gehalt-waren-timo-werner-zu-wenig-fussball","status":"publish","type":"post","link":"https:\/\/www.europesays.com\/de\/298108\/","title":{"rendered":"Leipzig wird Ladenh\u00fcter nicht los: 4 Mio. Gehalt waren Timo Werner zu wenig! | Fu\u00dfball"},"content":{"rendered":"<p><b>Er ist noch immer Leipzigs Rekord-Torj\u00e4ger. Den 114. Treffer von Timo Werner (29) f\u00fcr RB soll es aber definitiv nicht mehr geben! Nach der gefloppten Leihe zu Europa-League-Sieger Tottenham und seiner R\u00fcckkehr nach Leipzig darf das einstige Top-Talent des deutschen Fu\u00dfballs zwar mit ins RB-Camp nach Donau\u00adeschingen reisen. <\/b><\/p>\n<p>Spiele f\u00fcr die Sachsen sind trotz Vertrags bis 2026 ausgeschlossen \u2013 und das sogar bei Testspielen! Werner, der nur noch die unbedeutende Trikotnummer 36 tr\u00e4gt, durfte zuletzt nicht mal mit zu Viertligist Meuselwitz (3:0), musste stattdessen in Leipzig trainieren.<\/p>\n<p>Lesen Sie auch<\/p>\n<p>Da Werner in den B\u00fcchern fast abgeschrieben ist, kostet er nur noch eine Abl\u00f6se von rund vier Mio. Euro. Viel wichtiger ist die Einsparung des \u00fcppigen Gehalts (rund zehn Mio. Euro). <\/p>\n<p><b>Problem: Werner liegt derzeit nur ein Angebot vor \u2013 das von Schwesterklub New York Red Bulls. Bei einem Zweieinhalbjahresvertrag bis Ende 2027 soll er dabei rund vier Mio. Euro j\u00e4hrlich verdienen k\u00f6nnen. Zu wenig! Werner, der unbedingt in die USA will, lehnte die erste Offerte ab.<\/b><\/p>\n<p>Was kann sie nicht?: Alisha Lehmann \u00fcberrascht ALLE mit Rap-Skills<a href=\"https:\/\/sportbild.bild.de\/fussball\/was-kann-sie-nicht-alisha-lehmann-ueberrascht-alle-mit-rap-skills-6885e43c10b8f718b6502f68\" class=\"anchor\" target=\"_blank\" rel=\"noopener\"><img decoding=\"async\" width=\"992\" height=\"558\" alt=\"Teaser-Bild\" src=\"https:\/\/www.europesays.com\/de\/wp-content\/uploads\/2025\/07\/c890c81547ea500b7592212ab69f2c89,8ad894ea\"   class=\"landscape teaser__image\" loading=\"lazy\"\/><\/a><\/p>\n<p>Quelle: BILD\/Instagram @alishalehmann727.07.2025<\/p>\n","protected":false},"excerpt":{"rendered":"Er ist noch immer Leipzigs Rekord-Torj\u00e4ger. Den 114. Treffer von Timo Werner (29) f\u00fcr RB soll es aber&hellip;\n","protected":false},"author":2,"featured_media":298109,"comment_status":"","ping_status":"","sticky":false,"template":"","format":"standard","meta":{"footnotes":""},"categories":[1832],"tags":[3364,29,538,4771,30,71,1655,859,803,45,1261,38935],"class_list":{"0":"post-298108","1":"post","2":"type-post","3":"status-publish","4":"format-standard","5":"has-post-thumbnail","7":"category-leipzig","8":"tag-de","9":"tag-deutschland","10":"tag-erste-bundesliga","11":"tag-fc-chelsea","12":"tag-germany","13":"tag-leipzig","14":"tag-rb-leipzig","15":"tag-sachsen","16":"tag-spielertransfer","17":"tag-texttospeech","18":"tag-toralarm-top-news","19":"tag-werner-timo"},"share_on_mastodon":{"url":"https:\/\/pubeurope.com\/@de\/114925559347922234","error":""},"_links":{"self":[{"href":"https:\/\/www.europesays.com\/de\/wp-json\/wp\/v2\/posts\/298108","targetHints":{"allow":["GET"]}}],"collection":[{"href":"https:\/\/www.europesays.com\/de\/wp-json\/wp\/v2\/posts"}],"about":[{"href":"https:\/\/www.europesays.com\/de\/wp-json\/wp\/v2\/types\/post"}],"author":[{"embeddable":true,"href":"https:\/\/www.europesays.com\/de\/wp-json\/wp\/v2\/users\/2"}],"replies":[{"embeddable":true,"href":"https:\/\/www.europesays.com\/de\/wp-json\/wp\/v2\/comments?post=298108"}],"version-history":[{"count":0,"href":"https:\/\/www.europesays.com\/de\/wp-json\/wp\/v2\/posts\/298108\/revisions"}],"wp:featuredmedia":[{"embeddable":true,"href":"https:\/\/www.europesays.com\/de\/wp-json\/wp\/v2\/media\/298109"}],"wp:attachment":[{"href":"https:\/\/www.europesays.com\/de\/wp-json\/wp\/v2\/media?parent=298108"}],"wp:term":[{"taxonomy":"category","embeddable":true,"href":"https:\/\/www.europesays.com\/de\/wp-json\/wp\/v2\/categories?post=298108"},{"taxonomy":"post_tag","embeddable":true,"href":"https:\/\/www.europesays.com\/de\/wp-json\/wp\/v2\/tags?post=298108"}],"curies":[{"name":"wp","href":"https:\/\/api.w.org\/{rel}","templated":true}]}}