{"id":298198,"date":"2025-07-27T14:49:37","date_gmt":"2025-07-27T14:49:37","guid":{"rendered":"https:\/\/www.europesays.com\/de\/298198\/"},"modified":"2025-07-27T14:49:37","modified_gmt":"2025-07-27T14:49:37","slug":"pol-bi-einbrecher-erbeutet-wertvolle-kreuzreliquie-und-taufgeschirr","status":"publish","type":"post","link":"https:\/\/www.europesays.com\/de\/298198\/","title":{"rendered":"POL-BI: Einbrecher erbeutet wertvolle Kreuzreliquie und Taufgeschirr"},"content":{"rendered":"<p class=\"date\">25.07.2025 \u2013 11:05<\/p>\n<p class=\"customer\">\n                        <a class=\"story-customer\" title=\"weiter zum newsroom von Polizei Bielefeld\" href=\"https:\/\/www.presseportal.de\/blaulicht\/nr\/12522\" rel=\"nofollow noopener\" target=\"_blank\">Polizei Bielefeld<\/a>\n                    <\/p>\n<p><a class=\"glightbox-pseudo event-trigger\" href=\"https:\/\/cache.pressmailing.net\/thumbnail\/story_hires\/0a32912c-8088-4af4-91de-80bd9ab268bf\/Turmreliquie.jpg.jpg\" data-description=\"Turmreliquie\" data-category=\"medialightbox\" data-action=\"click\" data-label=\"single\" data-value=\"688348c0270000fd2c0d88ee\" rel=\"nofollow noopener\" target=\"_blank\"><img decoding=\"async\" height=\"540\" with=\"720\" src=\"https:\/\/www.europesays.com\/de\/wp-content\/uploads\/2025\/07\/pol-bi-einbrecher-erbeutet-wertvolle-kreuzreliquie-und-taufgeschirr.jpeg\"   alt=\"POL-BI: Einbrecher erbeutet wertvolle Kreuzreliquie und Taufgeschirr\" class=\"single\"\/><\/a><\/p>\n<p><a data-category=\"citylink-story-view\" data-action=\"click\" data-label=\"Citylink in Meldungsansicht\" class=\"story-city event-trigger\" href=\"https:\/\/www.presseportal.de\/regional\/Bielefeld\" title=\"News aus Bielefeld \" rel=\"nofollow noopener\" target=\"_blank\">Bielefeld<\/a> (ots)<\/p>\n<p> HC\/ Bielefeld- Mitte- Am Mittwoch, 23.07.2025, brach ein T\u00e4ter in einer Kirche Vitrinen auf und entwendete Altargegenst\u00e4nde. <\/p>\n<p> Ein Verantwortlicher der Kirchengemeinde am Klosterplatz \u00f6ffnete gegen 12:00 Uhr die Kirche, so dass sie f\u00fcr jedermann zug\u00e4nglich war. Zu diesem Zeitpunkt waren die Vitrinen unversehrt. Gegen 15:10 Uhr bemerkte er, dass ein Unbekannter die Vitrinen gewaltsam aufgebrochen und daraus das versilberte Taufgeschirr sowie eine Turmreliquie aus dem 19.Jahrhundert, bei der es sich um einen Splitter des Heiligen Kreuzes handelt, gestohlen hatte. <\/p>\n<p> Zeugen, die Beobachtungen gemacht haben, werden gebeten, sich an das Kriminalkommissariat 13 unter 0521-545-0 zu wenden. <\/p>\n<p class=\"contact-headline\">R\u00fcckfragen von Journalisten bitte an:<\/p>\n<p class=\"contact-text\">Polizeipr\u00e4sidium Bielefeld<br \/>Leitungsstab\/ Presse- und \u00d6ffentlichkeitsarbeit<br \/>Kurt-Schumacher-Stra\u00dfe 46<br \/>33615 Bielefeld<\/p>\n<p>Sonja Rehmert (SR), Tel. 0521\/545-3020<br \/>Katja K\u00fcster (KK), Tel. 0521\/545-3195<br \/>Sarah Siedschlag (SI), Tel. 0521\/545-3021<br \/>Michael K\u00f6tter (MK), Tel. 0521\/545-3022<br \/>Hella Christoph (HC), Tel. 0521\/545-3023<br \/>Fabian Rickel (FR), Tel. 0521\/545-3024<br \/>Caroline Steffen (CS), Tel. 0521\/545-3026<br \/>Lukas Reker (LR), Tel. 0521\/545-3222<br \/>Jan Grote (JG), Tel. 0521\/545-3235<\/p>\n<p>E-Mail: <a href=\"https:\/\/www.presseportal.de\/blaulicht\/pm\/12522\/mailto: pressestelle.bielefeld@polizei.nrw.de\" class=\"uri-mailto\" rel=\"nofollow noopener\" target=\"_blank\"> pressestelle.bielefeld@polizei.nrw.de<\/a><br \/><a target=\"_blank\" class=\"uri-ext outbound\" rel=\"noopener nofollow\" href=\"https:\/\/bielefeld.polizei.nrw\/\">https:\/\/bielefeld.polizei.nrw\/<\/a><\/p>\n<p>Au\u00dferhalb der B\u00fcrodienstzeit: Leitstelle, Tel. 0521\/545-0<\/p>\n<p class=\"originator\">Original-Content von: Polizei Bielefeld, \u00fcbermittelt durch news aktuell<\/p>\n","protected":false},"excerpt":{"rendered":"25.07.2025 \u2013 11:05 Polizei Bielefeld Bielefeld (ots) HC\/ Bielefeld- Mitte- Am Mittwoch, 23.07.2025, brach ein T\u00e4ter in einer&hellip;\n","protected":false},"author":2,"featured_media":298199,"comment_status":"","ping_status":"","sticky":false,"template":"","format":"standard","meta":{"footnotes":""},"categories":[1841],"tags":[1605,3364,29,30,177,1209,176,121,178,180,179,181],"class_list":{"0":"post-298198","1":"post","2":"type-post","3":"status-publish","4":"format-standard","5":"has-post-thumbnail","7":"category-bielefeld","8":"tag-bielefeld","9":"tag-de","10":"tag-deutschland","11":"tag-germany","12":"tag-kriminalitt","13":"tag-nordrhein-westfalen","14":"tag-nrw","15":"tag-polizei","16":"tag-presse","17":"tag-pressemeldung","18":"tag-pressemitteilung","19":"tag-pressemitteilungen"},"share_on_mastodon":{"url":"https:\/\/pubeurope.com\/@de\/114925755888937456","error":""},"_links":{"self":[{"href":"https:\/\/www.europesays.com\/de\/wp-json\/wp\/v2\/posts\/298198","targetHints":{"allow":["GET"]}}],"collection":[{"href":"https:\/\/www.europesays.com\/de\/wp-json\/wp\/v2\/posts"}],"about":[{"href":"https:\/\/www.europesays.com\/de\/wp-json\/wp\/v2\/types\/post"}],"author":[{"embeddable":true,"href":"https:\/\/www.europesays.com\/de\/wp-json\/wp\/v2\/users\/2"}],"replies":[{"embeddable":true,"href":"https:\/\/www.europesays.com\/de\/wp-json\/wp\/v2\/comments?post=298198"}],"version-history":[{"count":0,"href":"https:\/\/www.europesays.com\/de\/wp-json\/wp\/v2\/posts\/298198\/revisions"}],"wp:featuredmedia":[{"embeddable":true,"href":"https:\/\/www.europesays.com\/de\/wp-json\/wp\/v2\/media\/298199"}],"wp:attachment":[{"href":"https:\/\/www.europesays.com\/de\/wp-json\/wp\/v2\/media?parent=298198"}],"wp:term":[{"taxonomy":"category","embeddable":true,"href":"https:\/\/www.europesays.com\/de\/wp-json\/wp\/v2\/categories?post=298198"},{"taxonomy":"post_tag","embeddable":true,"href":"https:\/\/www.europesays.com\/de\/wp-json\/wp\/v2\/tags?post=298198"}],"curies":[{"name":"wp","href":"https:\/\/api.w.org\/{rel}","templated":true}]}}