{"id":298249,"date":"2025-07-27T15:15:12","date_gmt":"2025-07-27T15:15:12","guid":{"rendered":"https:\/\/www.europesays.com\/de\/298249\/"},"modified":"2025-07-27T15:15:12","modified_gmt":"2025-07-27T15:15:12","slug":"kleingaertner-fuer-den-klimaschutz-bremens-wilder-gruener-westen","status":"publish","type":"post","link":"https:\/\/www.europesays.com\/de\/298249\/","title":{"rendered":"Kleing\u00e4rtner f\u00fcr den Klimaschutz: Bremens &#8222;Wilder gr\u00fcner Westen&#8220;"},"content":{"rendered":"<p class=\"article-toplinewrapper\">\n<p>Standdatum: 27. Juli 2025.<\/p>\n<p>Autorinnen und Autoren:<br \/>\nAlexander Schnackenburg<\/p>\n<p><a href=\"https:\/\/www.butenunbinnen.de\/bilder\/naturpfad-wilder-gruener-westen-100~_v-800x450_c-1753372403991.jpg\" data-gallery-entry-for=\"klimaaktionsplan-kleingaertner-wilder-gruener-westen-bremen-100\" data-size=\"2560x1440\" class=\"text-link\" rel=\"nofollow noopener\" target=\"_blank\"><\/p>\n<p><img decoding=\"async\" class=\"image -image-with-fallback -image-rounded  lazyload\" src=\"data:image\/gif;base64,R0lGODlhEAAJAIAAAP\/\/\/\/\/\/\/yH5BAEKAAEALAAAAAAQAAkAAAIKjI+py+0Po5yUFQA7\"   alt=\"Mann guckt durch Fernrohr von Aussichtsturm in die Natur, daneben Bilder mit Texten von Blaukelchen, Eisvogel und Bekassine\" title=\"Bild: Radio Bremen | Alexander Schnackenburg\" data-image-owner=\"Radio Bremen | Alexander Schnackenburg\" data-image-title=\"Mann guckt durch Fernrohr von Aussichtsturm in die Natur, daneben Bilder mit Texten von Blaukelchen, Eisvogel und Bekassine\" data-image-src=\"https:\/\/www.butenunbinnen.de\/bilder\/naturpfad-wilder-gruener-westen-100~_v-800x450_c-1753372403991.jpg\" data-image-rights-src=\"\/bilder\/naturpfad-wilder-gruener-westen-100~_v-640x360_c-1753372403991.jpg\"\/><\/p>\n<p><\/a><\/p>\n<p>Ein Aussichtsturm l\u00e4dt am Naturerlebnis-Pfad &#8222;Wilder Gr\u00fcner Westen&#8220; zur Suche nach V\u00f6geln ein. Wie sie leben, dar\u00fcber informiert der Turm auf Schildern. <\/p>\n<p>Bild: Radio Bremen | Alexander Schnackenburg<\/p>\n<p class=\"article-intro\">Klimaschutz beginnt mit der Blume auf der Fensterbank. Diese Botschaft m\u00f6chte der Bremer Senat mit dem Aktionsplan Klimaschutz 2.0 vermitteln \u2013 und st\u00e4rkt die Umweltbildung.<\/p>\n<p>Obstb\u00e4ume, Brennnesseln und Brombeerstr\u00e4ucher pr\u00e4gen das Bild zwischen Spielger\u00e4ten, Lehrtafeln, Kleing\u00e4rten, Gr\u00e4ben, einem Aussichtsturm sowie einem kleinen See: Der Naturerlebnis-Pfad &#8222;Wilder Gr\u00fcner Westen&#8220; im Parzellen-Gebiet bei Walle und Gr\u00f6pelingen erinnert nur dem Namen nach an Karl Mays Wilden Westen. Die unendliche Weite der Steppe sucht das Auge hier vergebens. Kein Wunder, handelt es sich doch \u2013 um es in der Sprache der Verwaltung zu sagen \u2013 um einen &#8222;st\u00e4dtischen Aufenthaltsraum&#8220;. <\/p>\n<p>Allerdings um einen, auf den man im Bremer Senat besonders stolz ist. So betonte Bausenatorin \u00d6zlem \u00dcnsal (SPD) zur Er\u00f6ffnung des Erlebnispfads im M\u00e4rz, dass derartige Erholungsr\u00e4ume gerade f\u00fcr die Menschen dicht besiedelter Quartiere wie Gr\u00f6pelingen wichtig seien, h\u00e4tten sie doch meist keinen eigenen Garten. Und Umweltsenatorin Kathrin Moosdorf (Gr\u00fcne) schw\u00e4rmte: &#8222;Solche gr\u00fcnen Oasen innerhalb der Stadt sind gut f\u00fcr Gro\u00df und Klein, denn hier k\u00f6nnen alle die Natur hautnah erleben und auch mal zur Ruhe kommen.&#8220; <\/p>\n<p>Umweltbildung f\u00fcr mehr Artenvielfalt<\/p>\n<p><a href=\"https:\/\/www.butenunbinnen.de\/bilder\/bienenfutterautomat-wilder-gruener-westen-100~_v-512x288_c-1753372822808.jpg\" data-gallery-entry-for=\"klimaaktionsplan-kleingaertner-wilder-gruener-westen-bremen-100\" data-size=\"2560x1440\" class=\"text-link\" rel=\"nofollow noopener\" target=\"_blank\"><\/p>\n<p><img decoding=\"async\" class=\"image -image-with-fallback -image-rounded  lazyload\" src=\"data:image\/gif;base64,R0lGODlhEAAJAIAAAP\/\/\/\/\/\/\/yH5BAEKAAEALAAAAAAQAAkAAAIKjI+py+0Po5yUFQA7\"   alt=\"Bienenfutterautomat mit Blumensamen gef\u00fcllt, daneben erkl\u00e4render Text mit Zeichnungen\" title=\"Bild: Radio Bremen | Alexander Schnackenburg\" data-image-owner=\"Radio Bremen | Alexander Schnackenburg\" data-image-title=\"Bienenfutterautomat mit Blumensamen gef\u00fcllt, daneben erkl\u00e4render Text mit Zeichnungen\" data-image-src=\"https:\/\/www.butenunbinnen.de\/bilder\/bienenfutterautomat-wilder-gruener-westen-100~_v-512x288_c-1753372822808.jpg\" data-image-rights-src=\"\/bilder\/bienenfutterautomat-wilder-gruener-westen-100~_v-640x360_c-1753372822808.jpg\"\/><\/p>\n<p><\/a><\/p>\n<p>Mit diesem &#8222;Bienenfutterautomat&#8220; regt der Naturerlebnis-Pfad &#8222;Wilder Gr\u00fcner Westen&#8220; zum Ans\u00e4en von Wildblumen an.<\/p>\n<p>Bild: Radio Bremen | Alexander Schnackenburg<\/p>\n<p>Der Natur-Erlebnispfad &#8222;Wilder Gr\u00fcner Westen&#8220; bildet einen Abschnitt des Rundwegs &#8222;In den Wischen&#8220; und ist mit seinen 1,2 Kilometern L\u00e4nge einer der bisher gr\u00f6\u00dften Natur-Erlebniswege Bremens. An 13 Stationen samt Picknickplatz, Bienenfutterautomat und allerlei Schautafeln zu Tieren und Pflanzen informiert der Erlebnisweg \u00fcber die heimische Flora und Fauna sowie \u00fcber sinnvolles G\u00e4rtnern. Der Gast erf\u00e4hrt, wie Eisv\u00f6gel und Blaukelchen leben, worin sich die Masken-Biene von der Garten-Wollbiene unterscheidet, welchen Tieren Hecken und B\u00e4ume als Lebensr\u00e4ume dienen. <\/p>\n<p>Mit dieser Form der Umweltbildung begleitet der Bremer Senat das im Aktionsplan Klimaschutz 2.0 mehrfach formulierte Ziel das Stadtgr\u00fcn ausweiten. St\u00e4dtische Fl\u00e4chen sollen entsiegelt und neu \u2013 sprich: m\u00f6glichst gr\u00fcn \u2013 gestaltet werden. Projekte wie der Naturerlebnis-Pfad &#8222;Wilder Gr\u00fcner Westen&#8220; sollen dazu beitragen, die Bev\u00f6lkerung daf\u00fcr zu begeistern. <\/p>\n<p>Um parallel dazu auch Privatpersonen f\u00fcr das Entsiegeln und Begr\u00fcnen von Fl\u00e4chen zu gewinnen, hat Bremen zu Beginn des Jahres das F\u00f6rderprogramm Schwammstadt aufgelegt. Zudem sind Eigent\u00fcmer aufgrund der k\u00fcrzlich novellierten Landesbauordnung dazu verpflichtet, bis Beginn des Jahres 2027, Schotterg\u00e4rten zu entsiegeln. Flankierend dazu hat der Bremer Senat k\u00fcrzlich die &#8222;Bremische Biodiversit\u00e4tsstrategie 2030&#8220; ver\u00f6ffentlicht. Sie zielt darauf ab, die Tier- und Pflanzenwelt im Land Bremen zu sch\u00fctzen, dem R\u00fcckgang der Artenvielfalt etwas entgegenzusetzen \u2013 wie eben naturnahe G\u00e4rten. <\/p>\n<p>Vorbild &#8222;Wilder Gr\u00fcner Westen&#8220;<\/p>\n<p><a href=\"https:\/\/www.butenunbinnen.de\/bilder\/naturerlebnispfad-wilder-gruener-westen-schild-100~_v-512x288_c-1753372596829.jpg\" data-gallery-entry-for=\"klimaaktionsplan-kleingaertner-wilder-gruener-westen-bremen-100\" data-size=\"2560x1440\" class=\"text-link\" rel=\"nofollow noopener\" target=\"_blank\"><\/p>\n<p><img decoding=\"async\" class=\"image -image-with-fallback -image-rounded  lazyload\" src=\"data:image\/gif;base64,R0lGODlhEAAJAIAAAP\/\/\/\/\/\/\/yH5BAEKAAEALAAAAAAQAAkAAAIKjI+py+0Po5yUFQA7\"   alt=\"Schild &quot;Wilder, gr\u00fcner Westen&quot; mit erkl\u00e4rendem Text + Karte vor naturbelassener Landschaft\" title=\"Bild: Radio Bremen | Alexander Schnackenburg\" data-image-owner=\"Radio Bremen | Alexander Schnackenburg\" data-image-title=\"Schild &quot;Wilder, gr\u00fcner Westen&quot; mit erkl\u00e4rendem Text + Karte vor naturbelassener Landschaft\" data-image-src=\"https:\/\/www.butenunbinnen.de\/bilder\/naturerlebnispfad-wilder-gruener-westen-schild-100~_v-512x288_c-1753372596829.jpg\" data-image-rights-src=\"\/bilder\/naturerlebnispfad-wilder-gruener-westen-schild-100~_v-640x360_c-1753372596829.jpg\"\/><\/p>\n<p><\/a><\/p>\n<p>Schautafeln wie diese informieren den Gast im &#8222;Wilden Gr\u00fcnen Westen&#8220; dar\u00fcber, was er links und rechts sehen kann.<\/p>\n<p>Bild: Radio Bremen | Alexander Schnackenburg<\/p>\n<p>Wie solche naturnahen G\u00e4rten aussehen k\u00f6nnen \u2013 das veranschaulicht manche Parzelle am Rande des Erlebnispfads &#8222;Wilder Gr\u00fcner Westen&#8220;. Auch finden sich auf den Schautafeln des Pfads hierzu allerlei Tipps \u2013 auch f\u00fcr solche G\u00e4rtner, die nur wenig Platz zur Verf\u00fcgung haben. So hei\u00dft es unter der \u00dcberschrift &#8222;Garten im Mini-Format&#8220; etwa: &#8222;Eine insektenfreundliche Pflanze auf dem Balkon oder Fensterbrett liefert schon einen kleinen Beitrag zum Schutz und Erhalt vieler Insekten.&#8220;<\/p>\n<p> Wer etwas mehr Platz habe, k\u00f6nne Ohrwurmh\u00e4user, Insektenhotels oder Wildblumenwiesen aus heimischen Pflanzen anlegen. &#8222;Insekten, V\u00f6gel und andere Tiere finden in diesen Pflanzen reichlich Nahrung und einen sicheren Unterschlupf&#8220;, steht dazu auf der Tafel. Meiden hingegen solle der Hobbyg\u00e4rtner &#8222;handels\u00fcbliche Blumenerde&#8220;. Denn sie enthalte Torf, f\u00fcr das Moore zerst\u00f6rt w\u00fcrden \u2013 kontraproduktiv im Sinne der Artenvielfalt. <\/p>\n<p>Information zum Thema<br \/>\nKritik am Aktionsplan Klimaschutz 2.0<\/p>\n<p>Der Bremer Senat hat f\u00fcr den Aktionsplan Klimaschutz 2.0 viel Kritik eingesteckt. Unter anderem deshalb, weil der Aktionsplan nicht mehr \u2013 wie noch im Vorjahr \u2013 342, sondern nur noch 245 Ma\u00dfnahmen umfasst. <\/p>\n<p>Martin Michalik, klimaschutz- und energiepolitischer Sprecher der CDU-B\u00fcrgerschaftsfraktion bezeichnet den Aktionsplan zudem als &#8222;Mogelpackung&#8220;. Anders als der Name &#8222;Aktionsplan Klimaschutz 2.0&#8220; suggeriere, fehlten neue Impulse. Auch gehe aus dem Plan nicht hervor, wie Bremen bis 2038 klimaneutral werden wolle. <\/p>\n<p>Eben dies bem\u00e4ngelt auch der BUND Bremen. Sein Vorsitzender Klaus Prietzel sagt zum Aktionsplan Klimaschutz 2.0: &#8222;Bremen tritt klimapolitisch weitgehend auf der Stelle.&#8220; Von einer zusammenh\u00e4ngenden und abgestimmten Klimastrategie k\u00f6nne keine Rede sein. Der Plan sei als Reaktion auf den Klimawandel unzureichend. <\/p>\n<p>Ende der Information zum Thema<\/p>\n<p class=\"article-legal-agencies\"><strong>Quelle<\/strong>:<br \/>\nbuten un binnen.\n<\/p>\n<p class=\"article-legal-broadcast-reference\"><strong>Dieses Thema im Programm:<\/strong><br \/>\nbuten un binnen, 7. Juli 2025, 19:30 Uhr<\/p>\n","protected":false},"excerpt":{"rendered":"Standdatum: 27. Juli 2025. Autorinnen und Autoren: Alexander Schnackenburg Ein Aussichtsturm l\u00e4dt am Naturerlebnis-Pfad &#8222;Wilder Gr\u00fcner Westen&#8220; zur&hellip;\n","protected":false},"author":2,"featured_media":298250,"comment_status":"","ping_status":"","sticky":false,"template":"","format":"standard","meta":{"footnotes":"","_share_on_mastodon":"0"},"categories":[1824],"tags":[2420,3364,29,30,86856,86858,86857],"class_list":["post-298249","post","type-post","status-publish","format-standard","has-post-thumbnail","category-bremen","tag-bremen","tag-de","tag-deutschland","tag-germany","tag-klimaaktionsplan","tag-umweltbildung","tag-wilder-gruener-westen"],"share_on_mastodon":{"url":"https:\/\/pubeurope.com\/@de\/114925858339701234","error":""},"_links":{"self":[{"href":"https:\/\/www.europesays.com\/de\/wp-json\/wp\/v2\/posts\/298249","targetHints":{"allow":["GET"]}}],"collection":[{"href":"https:\/\/www.europesays.com\/de\/wp-json\/wp\/v2\/posts"}],"about":[{"href":"https:\/\/www.europesays.com\/de\/wp-json\/wp\/v2\/types\/post"}],"author":[{"embeddable":true,"href":"https:\/\/www.europesays.com\/de\/wp-json\/wp\/v2\/users\/2"}],"replies":[{"embeddable":true,"href":"https:\/\/www.europesays.com\/de\/wp-json\/wp\/v2\/comments?post=298249"}],"version-history":[{"count":0,"href":"https:\/\/www.europesays.com\/de\/wp-json\/wp\/v2\/posts\/298249\/revisions"}],"wp:featuredmedia":[{"embeddable":true,"href":"https:\/\/www.europesays.com\/de\/wp-json\/wp\/v2\/media\/298250"}],"wp:attachment":[{"href":"https:\/\/www.europesays.com\/de\/wp-json\/wp\/v2\/media?parent=298249"}],"wp:term":[{"taxonomy":"category","embeddable":true,"href":"https:\/\/www.europesays.com\/de\/wp-json\/wp\/v2\/categories?post=298249"},{"taxonomy":"post_tag","embeddable":true,"href":"https:\/\/www.europesays.com\/de\/wp-json\/wp\/v2\/tags?post=298249"}],"curies":[{"name":"wp","href":"https:\/\/api.w.org\/{rel}","templated":true}]}}