{"id":298254,"date":"2025-07-27T15:18:17","date_gmt":"2025-07-27T15:18:17","guid":{"rendered":"https:\/\/www.europesays.com\/de\/298254\/"},"modified":"2025-07-27T15:18:17","modified_gmt":"2025-07-27T15:18:17","slug":"bpol-nrw-betrunkener-leistet-bei-dursuchung-widerstand-bundespolizei-nimmt","status":"publish","type":"post","link":"https:\/\/www.europesays.com\/de\/298254\/","title":{"rendered":"BPOL NRW: Betrunkener leistet bei Dursuchung Widerstand &#8211; Bundespolizei nimmt &#8230;"},"content":{"rendered":"<p class=\"date\">27.07.2025 \u2013 13:11<\/p>\n<p class=\"customer\">\n                        <a class=\"story-customer\" title=\"weiter zum newsroom von Bundespolizeidirektion Sankt Augustin\" href=\"https:\/\/www.presseportal.de\/blaulicht\/nr\/70116\" rel=\"nofollow noopener\" target=\"_blank\">Bundespolizeidirektion Sankt Augustin<\/a>\n                    <\/p>\n<p><a data-category=\"citylink-story-view\" data-action=\"click\" data-label=\"Citylink in Meldungsansicht\" class=\"story-city event-trigger\" href=\"https:\/\/www.presseportal.de\/regional\/Dortmund\" title=\"News aus Dortmund \" rel=\"nofollow noopener\" target=\"_blank\">Dortmund<\/a> (ots)<\/p>\n<p>Am Abend des 26. Juni kam es am Dortmunder Hauptbahnhof zu einer k\u00f6rperlichen Auseinandersetzung. Die Einsatzkr\u00e4fte wollten den Angreifer sp\u00e4ter durchsuchen, doch dieser leistete erheblichen Widerstand.<\/p>\n<p>Gegen 20:30 meldeten Mitarbeiter der DB-Sicherheit, dass es am Hauptbahnhof Dortmund zu einer Streitigkeit gekommen war.<br \/>\nDie Beamten begaben sich umgehend zum Einsatzort und trafen dort zwei deutsche Staatsangeh\u00f6rige an.<br \/>\nDie Mitarbeiter der Deutschen Bahn gaben an, dass der 34-J\u00e4hrige versucht hat, den 63-J\u00e4hrigen anzugreifen.<\/p>\n<p>Nach einer erfolgten Belehrung machte der Angreifer von seinem Aussageverweigerungsrecht Gebrauch und \u00e4u\u00dferte sich nicht.<br \/>\nAuf Nachfrage gab er an, dass er keine Ausweisdokumente mitf\u00fchre. Daraufhin begleitete er die Uniformierten zur Bundespolizeiwache.<\/p>\n<p>Dort erl\u00e4uterten die Einsatzkr\u00e4fte dem Dortmunder, dass sie ihn durchsuchen m\u00fcssen.<\/p>\n<p>Der Deutsche beleidigte daraufhin die Beamten und sagte, dass er nicht durchsucht werden m\u00f6chte. Auch nach Androhung von k\u00f6rperlichem Zwang reagierte er nicht.<br \/>\nDaraufhin fassten die Polizisten seine Arme, um ihn zu durchsuchen. Der 34-J\u00e4hrige sperrte sich jedoch und riss die Arme aus dem Griff der Uniformierten.<br \/>\nDiese brachten ihn anschlie\u00dfend zu Boden, fesselten ihn und belehrten ihn erneut. Auch diesmal \u00e4u\u00dferte er sich nicht.<\/p>\n<p>Ein freiwillig durchgef\u00fchrter Atemalkoholtest ergab einen Wert von ca. 2,7 Promille.<\/p>\n<p>Die Einsatzkr\u00e4fte nahmen den Mann fest und brachten ihn anschlie\u00dfend, zur Verhinderung weiterer Straftaten, in das zentrale Polizeigewahrsam in Dortmund.<\/p>\n<p>Er muss sich nun wegen Widerstands gegen Vollstreckungsbeamte, Beleidigung sowie versuchter K\u00f6rperverletzung verantworten.<\/p>\n<p class=\"contact-headline\">R\u00fcckfragen bitte an:<\/p>\n<p class=\"contact-text\">Bundespolizeidirektion Sankt Augustin<br \/>Bundespolizeiinspektion Dortmund<br \/>Pressestelle<br \/>Luca Wilmes<br \/>Telefon: +49 (0) 231\/ 56 22 47 &#8211; 1011<br \/>Mobil: +49 (0) 171\/ 30 55 131<br \/>E-Mail: <a href=\"https:\/\/www.presseportal.de\/blaulicht\/pm\/70116\/mailto: presse.do@polizei.bund.de\" class=\"uri-mailto\" rel=\"nofollow noopener\" target=\"_blank\"> presse.do@polizei.bund.de<\/a><br \/>X (Twitter): @BPOL NRW<\/p>\n<p>Untere Brinkstra\u00dfe 81-89<br \/>44141 Dortmund<\/p>\n<p><a target=\"_blank\" class=\"uri-ext outbound\" rel=\"noopener nofollow\" href=\"https:\/\/www.bundespolizei.de\">www.bundespolizei.de<\/a><\/p>\n<p>Weitere Informationen erhalten Sie unter <a target=\"_blank\" class=\"uri-ext outbound\" rel=\"noopener nofollow\" href=\"https:\/\/www.bundespolizei.de\">www.bundespolizei.de<\/a> oder <br \/>unter oben genannter Kontaktadresse.<\/p>\n<p class=\"originator\">Original-Content von: Bundespolizeidirektion Sankt Augustin, \u00fcbermittelt durch news aktuell<\/p>\n","protected":false},"excerpt":{"rendered":"27.07.2025 \u2013 13:11 Bundespolizeidirektion Sankt Augustin Dortmund (ots) Am Abend des 26. Juni kam es am Dortmunder Hauptbahnhof&hellip;\n","protected":false},"author":2,"featured_media":108,"comment_status":"","ping_status":"","sticky":false,"template":"","format":"standard","meta":{"footnotes":""},"categories":[1833],"tags":[3364,29,217,30,177,1209,176,121,178,180,179,181],"class_list":{"0":"post-298254","1":"post","2":"type-post","3":"status-publish","4":"format-standard","5":"has-post-thumbnail","7":"category-dortmund","8":"tag-de","9":"tag-deutschland","10":"tag-dortmund","11":"tag-germany","12":"tag-kriminalitt","13":"tag-nordrhein-westfalen","14":"tag-nrw","15":"tag-polizei","16":"tag-presse","17":"tag-pressemeldung","18":"tag-pressemitteilung","19":"tag-pressemitteilungen"},"share_on_mastodon":{"url":"https:\/\/pubeurope.com\/@de\/114925869781417264","error":""},"_links":{"self":[{"href":"https:\/\/www.europesays.com\/de\/wp-json\/wp\/v2\/posts\/298254","targetHints":{"allow":["GET"]}}],"collection":[{"href":"https:\/\/www.europesays.com\/de\/wp-json\/wp\/v2\/posts"}],"about":[{"href":"https:\/\/www.europesays.com\/de\/wp-json\/wp\/v2\/types\/post"}],"author":[{"embeddable":true,"href":"https:\/\/www.europesays.com\/de\/wp-json\/wp\/v2\/users\/2"}],"replies":[{"embeddable":true,"href":"https:\/\/www.europesays.com\/de\/wp-json\/wp\/v2\/comments?post=298254"}],"version-history":[{"count":0,"href":"https:\/\/www.europesays.com\/de\/wp-json\/wp\/v2\/posts\/298254\/revisions"}],"wp:featuredmedia":[{"embeddable":true,"href":"https:\/\/www.europesays.com\/de\/wp-json\/wp\/v2\/media\/108"}],"wp:attachment":[{"href":"https:\/\/www.europesays.com\/de\/wp-json\/wp\/v2\/media?parent=298254"}],"wp:term":[{"taxonomy":"category","embeddable":true,"href":"https:\/\/www.europesays.com\/de\/wp-json\/wp\/v2\/categories?post=298254"},{"taxonomy":"post_tag","embeddable":true,"href":"https:\/\/www.europesays.com\/de\/wp-json\/wp\/v2\/tags?post=298254"}],"curies":[{"name":"wp","href":"https:\/\/api.w.org\/{rel}","templated":true}]}}