{"id":298275,"date":"2025-07-27T15:29:12","date_gmt":"2025-07-27T15:29:12","guid":{"rendered":"https:\/\/www.europesays.com\/de\/298275\/"},"modified":"2025-07-27T15:29:12","modified_gmt":"2025-07-27T15:29:12","slug":"1-fc-koeln-kwasniok-die-menschen-erwarten-ehrlichkeit-und-vertragen-die-wahrheit-nicht","status":"publish","type":"post","link":"https:\/\/www.europesays.com\/de\/298275\/","title":{"rendered":"1. FC K\u00f6ln, Kwasniok: \u201eDie Menschen erwarten Ehrlichkeit und vertragen die Wahrheit nicht\u201c"},"content":{"rendered":"<p>Der 1. FC K\u00f6ln hat einen neuen Cheftrainer. Lukas Kwasniok kommt vom SC Paderborn und soll den Aufsteiger in der Bundesliga halten. Leicht werde das nicht, sagt der Mann, der als eher laut gilt. Erstmals spricht er \u00fcber die Untersuchungshaft 2023 auf Mallorca.<\/p>\n<p class=\"is-first-paragraph\" data-external=\"Article.FirstParagraph\">Lukas Kwasniok, neuer Cheftrainer des <a class=\"is-link c-block-items__link c-link--rich-text-renderer\" href=\"https:\/\/www.welt.de\/sport\/fussball\/bundesliga\/1-fc-koeln\/\" data-internal-tracking-enabled=\"true\" data-internal-tracking=\"{&quot;action&quot;:&quot;click&quot;,&quot;label&quot;:&quot;link&quot;,&quot;name&quot;:&quot;Inline Element&quot;,&quot;data&quot;:{&quot;source&quot;:&quot;&quot;,&quot;target&quot;:&quot;https:\/\/www.welt.de\/sport\/fussball\/bundesliga\/1-fc-koeln\/&quot;,&quot;trackingName&quot;:&quot;&quot;,&quot;trackingLabel&quot;:&quot;&quot;}}\" rel=\"nofollow noopener\" target=\"_blank\">1. FC K\u00f6ln<\/a>, gilt als laut, ehrlich und direkt. Der 44-J\u00e4hrige kam vor der Saison vom SC Paderborn, wo er seinen Job von sich aus beendet. Kwasniok soll den aufgestiegenen Traditionsklub nun in der Bundesliga halten. <\/p>\n<p>\u201eLaut bin ich nur tempor\u00e4r. Direkt und ehrlich bin ich immer, auch au\u00dferhalb des Platzes\u201c, sagt Kwasniok auf die Frage nach seinem \u00f6ffentlichen Ruf in der Interview mit der \u201eBild am Sonntag\u201c. Dabei lege er Wert auf eine klare Linie im Umgang mit Spielern. Streng sei er nicht \u2013 sondern \u201ekonsequent\u201c. Zu seinen wenigen, aber festen Regeln z\u00e4hlen: \u201e45 Minuten vor dem Training ist Treffpunkt. Und kein Handy beim gemeinsamen Essen. Das hat mit Respekt zu tun. Ich appelliere an den gesunden Menschenverstand der Spieler.\u201c<\/p>\n<p>Mit Blick auf seine sportlichen Ambitionen formuliert der neue Trainer bodenst\u00e4ndige Ziele: \u201eSpektakel ist der Wunsch. Die Realit\u00e4t ist, dass wir in der Liga ankommen und um jeden Punkt k\u00e4mpfen m\u00fcssen. Wir wollen zwei Dinge angehen: Ergebnisse liefern und uns entwickeln.\u201c Druck versp\u00fcre er dabei nicht, jedes Trainer-Engagement sei endlich: \u201eIch bin \u00fcberzeugt von dem, was ich mache. Wenn es am Ende funktioniert, sind wir alle happy. Wenn nicht, wei\u00df ich ja, was passiert. Das war in Paderborn oder Saarbr\u00fccken nicht anders.\u201c<\/p>\n<p>\u201eDie Menschen erwarten Ehrlichkeit und vertragen die Wahrheit nicht.\u201c<\/p>\n<p>W\u00e4hrend des Spiels kann es laut werden. Kwasniok: \u201eWenn du jemanden antreiben musst, bringt es nichts, zu fl\u00fcstern.\u201c In anderen Kontexten setzt er auf einen anderen Ton. \u201eMeine Ansprachen und Videoanalysen sind ruhig, sachlich, phasenweise emotional. Monotonie ist der Tod der Aufmerksamkeit\u201c, erkl\u00e4rt er. Dennoch m\u00fcsse man mit Wahrheiten vorsichtig sein: \u201eDie gr\u00f6\u00dfte Herausforderung dabei: Die Menschen erwarten Ehrlichkeit und vertragen die Wahrheit nicht. Deshalb musst du an der ein oder anderen Stelle eine gewisse Diplomatie an den Tag legen \u2013 und manche Dinge einfach nicht sagen.\u201c<\/p>\n<p>Vor seiner Verpflichtung wurde Kwasniok im Gespr\u00e4ch mit dem Vereinsgremium auf einen <a class=\"is-link c-block-items__link c-link--rich-text-renderer\" href=\"https:\/\/www.welt.de\/sport\/fussball\/bundesliga\/sc-paderborn-07\/article246049822\/Haft-auf-Mallorca-Nichts-Unrechtes-getan-Kwasniok-aeussert-sich-zu-Missbrauchsvorwuerfen.html\" data-internal-tracking-enabled=\"true\" data-internal-tracking=\"{&quot;action&quot;:&quot;click&quot;,&quot;label&quot;:&quot;link&quot;,&quot;name&quot;:&quot;Inline Element&quot;,&quot;data&quot;:{&quot;source&quot;:&quot;&quot;,&quot;target&quot;:&quot;https:\/\/www.welt.de\/sport\/fussball\/bundesliga\/sc-paderborn-07\/article246049822\/Haft-auf-Mallorca-Nichts-Unrechtes-getan-Kwasniok-aeussert-sich-zu-Missbrauchsvorwuerfen.html&quot;,&quot;trackingName&quot;:&quot;&quot;,&quot;trackingLabel&quot;:&quot;&quot;}}\" rel=\"nofollow noopener\" target=\"_blank\">Vorfall aus dem Jahr 2023 auf Mallorca<\/a> angesprochen. Damals war er f\u00fcr eine Nacht in Untersuchungshaft genommen worden, nachdem ihm eine Frau sexuelle N\u00f6tigung vorgeworfen hatte. <\/p>\n<p>\u201eDas war eines von 50 Themen. Die Verantwortlichen wollen ja etwas \u00fcber mich als Mensch erfahren\u201c, sagt er. Und erg\u00e4nzt: \u201eDie Geschichte ist Teil meines Lebens. Es ging darum, die Fragen ruhig und sachlich zu beantworten. Nur so viel: Die Anschuldigung ist damals innerhalb eines Tages eingestampft worden. Es ist nicht einmal zu einem Verfahren gekommen, damit ist doch alles gesagt.\u201c<\/p>\n<p>fn<\/p>\n","protected":false},"excerpt":{"rendered":"Der 1. FC K\u00f6ln hat einen neuen Cheftrainer. Lukas Kwasniok kommt vom SC Paderborn und soll den Aufsteiger&hellip;\n","protected":false},"author":2,"featured_media":298276,"comment_status":"","ping_status":"","sticky":false,"template":"","format":"standard","meta":{"footnotes":""},"categories":[1828],"tags":[623,15323,29,3695,30,1420,1209],"class_list":{"0":"post-298275","1":"post","2":"type-post","3":"status-publish","4":"format-standard","5":"has-post-thumbnail","7":"category-koeln","8":"tag-1-fc-koeln","9":"tag-balken-inbox","10":"tag-deutschland","11":"tag-erste-liga","12":"tag-germany","13":"tag-koeln","14":"tag-nordrhein-westfalen"},"share_on_mastodon":{"url":"https:\/\/pubeurope.com\/@de\/114925913278262703","error":""},"_links":{"self":[{"href":"https:\/\/www.europesays.com\/de\/wp-json\/wp\/v2\/posts\/298275","targetHints":{"allow":["GET"]}}],"collection":[{"href":"https:\/\/www.europesays.com\/de\/wp-json\/wp\/v2\/posts"}],"about":[{"href":"https:\/\/www.europesays.com\/de\/wp-json\/wp\/v2\/types\/post"}],"author":[{"embeddable":true,"href":"https:\/\/www.europesays.com\/de\/wp-json\/wp\/v2\/users\/2"}],"replies":[{"embeddable":true,"href":"https:\/\/www.europesays.com\/de\/wp-json\/wp\/v2\/comments?post=298275"}],"version-history":[{"count":0,"href":"https:\/\/www.europesays.com\/de\/wp-json\/wp\/v2\/posts\/298275\/revisions"}],"wp:featuredmedia":[{"embeddable":true,"href":"https:\/\/www.europesays.com\/de\/wp-json\/wp\/v2\/media\/298276"}],"wp:attachment":[{"href":"https:\/\/www.europesays.com\/de\/wp-json\/wp\/v2\/media?parent=298275"}],"wp:term":[{"taxonomy":"category","embeddable":true,"href":"https:\/\/www.europesays.com\/de\/wp-json\/wp\/v2\/categories?post=298275"},{"taxonomy":"post_tag","embeddable":true,"href":"https:\/\/www.europesays.com\/de\/wp-json\/wp\/v2\/tags?post=298275"}],"curies":[{"name":"wp","href":"https:\/\/api.w.org\/{rel}","templated":true}]}}