{"id":298329,"date":"2025-07-27T16:00:10","date_gmt":"2025-07-27T16:00:10","guid":{"rendered":"https:\/\/www.europesays.com\/de\/298329\/"},"modified":"2025-07-27T16:00:10","modified_gmt":"2025-07-27T16:00:10","slug":"tim-kleindienst-erklaert-hintergrund-zu-seiner-eigenen-mode-marke","status":"publish","type":"post","link":"https:\/\/www.europesays.com\/de\/298329\/","title":{"rendered":"Tim Kleindienst erkl\u00e4rt Hintergrund zu seiner eigenen Mode-Marke"},"content":{"rendered":"<p class=\"css-1q8kfuz\">Borussia M\u00f6nchengladbachs Tim Kleindienst nutzt die Zeit w\u00e4hrend der Meniskusverletzung, um sich auch in der Mode-Branche einen Namen zu machen &#8211; mit seiner eigenen Marke.<\/p>\n<p class=\"css-1cmglxz\"><a href=\"https:\/\/www.ran.de\/sports\/teams\/te253\/kader?from=%2Fsports%2Ffussball%2Fbundesliga%2Fteams\" rel=\"nofollow noopener\" target=\"_blank\">Borussia M\u00f6nchengladbach<\/a> muss noch einige Zeit auf St\u00fcrmer-Star und Nationalspieler <a href=\"https:\/\/www.ran.de\/sports\/spieler\/pe263391?from=\/sports\/teams\/te253\/kader\" rel=\"nofollow noopener\" target=\"_blank\">Tim Kleindienst<\/a> verzichten.<\/p>\n<p class=\"css-1cmglxz\">Der 29-J\u00e4hrige fehlt wegen einer Meniskusverletzung noch mehrere Monate, war aber bislang w\u00e4hrend seiner Pause nicht unt\u00e4tig, zumindest abseits des Platzes.<\/p>\n<p class=\"css-1cmglxz\">Kleindienst hat n\u00e4mlich inzwischen eine eigene Modemarke mit dem Namen &#8222;smallservice.clothing&#8220; gegr\u00fcndet. &#8222;Smallservice&#8220; ist die englische \u00dcbersetzung seines Nachnamens und in Fankreisen auch sein Spitzname.<\/p>\n<p class=\"css-1cmglxz\">In der Beschreibung von &#8222;smallservice.clothing&#8220; auf der k\u00fcrzlich ver\u00f6ffentlichten Instagram-Seite ist die Rede von Premium Streetwear, die im Namen des Gladbach-Stars vertrieben werden soll.<\/p>\n<p class=\"css-1cmglxz\">Offen ist allerdings noch, wann genau die Mode-Marke &#8222;smallservice.clothing&#8220; ihre Produkte tats\u00e4chlich in den Handel bringt.<\/p>\n<p>Leidenschaftlicher Zocker Kleindienst hat wohl weitere Pl\u00e4ne<\/p>\n<p class=\"css-1cmglxz\">Unter Streetwear versteht man eine Kombination aus Sportbekleidung, Skater- und Hip-Hop-Kultur. Zudem d\u00fcrfte k\u00fcnftig auch noch &#8222;Gaming x Street Culture&#8220; hinzukommen.<\/p>\n<p class=\"css-1cmglxz\">Kleindienst gilt immerhin als leidenschaftlicher Zocker, vor allem das beliebte Spiel &#8222;Minecraft&#8220; spielt der Bundesliga-Profi regelm\u00e4\u00dfig, streamt Videos davon auf seinem eigenen Twitch-Account.<\/p>\n","protected":false},"excerpt":{"rendered":"Borussia M\u00f6nchengladbachs Tim Kleindienst nutzt die Zeit w\u00e4hrend der Meniskusverletzung, um sich auch in der Mode-Branche einen Namen&hellip;\n","protected":false},"author":2,"featured_media":298330,"comment_status":"","ping_status":"","sticky":false,"template":"","format":"standard","meta":{"footnotes":"","_share_on_mastodon":"0"},"categories":[1849],"tags":[815,299,3364,29,548,663,3934,347,30,13,28946,35887,350,4455,14,15,1209,12,86875,14338],"class_list":["post-298329","post","type-post","status-publish","format-standard","has-post-thumbnail","category-moenchengladbach","tag-borussia-moenchengladbach","tag-bundesliga","tag-de","tag-deutschland","tag-eu","tag-europa","tag-europe","tag-fussball","tag-germany","tag-headlines","tag-hintergrund","tag-marke","tag-mode","tag-moenchengladbach","tag-nachrichten","tag-news","tag-nordrhein-westfalen","tag-schlagzeilen","tag-smallservice","tag-tim-kleindienst"],"share_on_mastodon":{"url":"https:\/\/pubeurope.com\/@de\/114926034998220489","error":""},"_links":{"self":[{"href":"https:\/\/www.europesays.com\/de\/wp-json\/wp\/v2\/posts\/298329","targetHints":{"allow":["GET"]}}],"collection":[{"href":"https:\/\/www.europesays.com\/de\/wp-json\/wp\/v2\/posts"}],"about":[{"href":"https:\/\/www.europesays.com\/de\/wp-json\/wp\/v2\/types\/post"}],"author":[{"embeddable":true,"href":"https:\/\/www.europesays.com\/de\/wp-json\/wp\/v2\/users\/2"}],"replies":[{"embeddable":true,"href":"https:\/\/www.europesays.com\/de\/wp-json\/wp\/v2\/comments?post=298329"}],"version-history":[{"count":0,"href":"https:\/\/www.europesays.com\/de\/wp-json\/wp\/v2\/posts\/298329\/revisions"}],"wp:featuredmedia":[{"embeddable":true,"href":"https:\/\/www.europesays.com\/de\/wp-json\/wp\/v2\/media\/298330"}],"wp:attachment":[{"href":"https:\/\/www.europesays.com\/de\/wp-json\/wp\/v2\/media?parent=298329"}],"wp:term":[{"taxonomy":"category","embeddable":true,"href":"https:\/\/www.europesays.com\/de\/wp-json\/wp\/v2\/categories?post=298329"},{"taxonomy":"post_tag","embeddable":true,"href":"https:\/\/www.europesays.com\/de\/wp-json\/wp\/v2\/tags?post=298329"}],"curies":[{"name":"wp","href":"https:\/\/api.w.org\/{rel}","templated":true}]}}