{"id":298354,"date":"2025-07-27T16:13:10","date_gmt":"2025-07-27T16:13:10","guid":{"rendered":"https:\/\/www.europesays.com\/de\/298354\/"},"modified":"2025-07-27T16:13:10","modified_gmt":"2025-07-27T16:13:10","slug":"ein-einblick-in-das-archiv-der-ruhr-nachrichten","status":"publish","type":"post","link":"https:\/\/www.europesays.com\/de\/298354\/","title":{"rendered":"Ein Einblick in das Archiv der Ruhr Nachrichten"},"content":{"rendered":"<p>\t\tWas besch\u00e4ftigte Castrop-Rauxel 1970?<br \/>\n\t\t\t\t\tEin Einblick in das Archiv der Ruhr Nachrichten<\/p>\n<p>\t\t\t\t<a class=\"article-author__name\" href=\"https:\/\/www.ruhrnachrichten.de\/author\/susanna-balachowski\/\" rel=\"author nofollow noopener\" target=\"_blank\">Susanna Balachowski<\/a><br \/>\n\t\tFreie Mitarbeiterin<\/p>\n<p>    <a href=\"https:\/\/www.ruhrnachrichten.de\/wp-content\/uploads\/2025\/07\/25\/12\/630_0900_4898465_image00007-1648x824.jpg\" rel=\"nofollow noopener\" target=\"_blank\"><\/p>\n<p>            <img loading=\"lazy\" decoding=\"async\" src=\"https:\/\/www.europesays.com\/de\/wp-content\/uploads\/2025\/07\/630_0900_4898464_image00007-640x428.jpg\" width=\"640\" height=\"428\"  alt=\"Foto des Titelblatts der Ruhr Nachrichten Castrop-Rauxel vom 21. August 1970 (Ruhr Nachrichten-Archiv)\"\/><\/p>\n<p>    <\/a><br \/>\n    In purer Nostalgie: so sah das Titelblatt der Castrop-Rauxeler Ruhr Nachrichten am 21. August 1970 aus. \u00a9 Susanna Balachowski<\/p>\n<p class=\"article__teaser-text\">Zeitreise in das Jahr 1970: Welche Themen bewegten Castrop-Rauxel? Alte Artikel aus dem Archiv der Ruhr Nachrichten zeigen uns, was damals los war.<\/p>\n<p>4 Min Lesezeit<\/p>\n<p>Neue Technologien im Handwerk150 Mark f\u00fcr ein geklautes AutoKein \u00d6PNV nach DeininghausenNeue bunte TornisterKurze \u00d6ffnungszeiten, teures Brot\u201eF\u00fcr die Frau\u201cZwei Tage Fernsehen<\/p>\n","protected":false},"excerpt":{"rendered":"Was besch\u00e4ftigte Castrop-Rauxel 1970? Ein Einblick in das Archiv der Ruhr Nachrichten Susanna Balachowski Freie Mitarbeiterin In purer&hellip;\n","protected":false},"author":2,"featured_media":298355,"comment_status":"","ping_status":"","sticky":false,"template":"","format":"standard","meta":{"footnotes":""},"categories":[1839],"tags":[7507,86881,3364,29,30,497,1209],"class_list":{"0":"post-298354","1":"post","2":"type-post","3":"status-publish","4":"format-standard","5":"has-post-thumbnail","7":"category-bochum","8":"tag-bochum","9":"tag-castrop-rauxel-1970","10":"tag-de","11":"tag-deutschland","12":"tag-germany","13":"tag-historisches","14":"tag-nordrhein-westfalen"},"share_on_mastodon":{"url":"https:\/\/pubeurope.com\/@de\/114926086187872238","error":""},"_links":{"self":[{"href":"https:\/\/www.europesays.com\/de\/wp-json\/wp\/v2\/posts\/298354","targetHints":{"allow":["GET"]}}],"collection":[{"href":"https:\/\/www.europesays.com\/de\/wp-json\/wp\/v2\/posts"}],"about":[{"href":"https:\/\/www.europesays.com\/de\/wp-json\/wp\/v2\/types\/post"}],"author":[{"embeddable":true,"href":"https:\/\/www.europesays.com\/de\/wp-json\/wp\/v2\/users\/2"}],"replies":[{"embeddable":true,"href":"https:\/\/www.europesays.com\/de\/wp-json\/wp\/v2\/comments?post=298354"}],"version-history":[{"count":0,"href":"https:\/\/www.europesays.com\/de\/wp-json\/wp\/v2\/posts\/298354\/revisions"}],"wp:featuredmedia":[{"embeddable":true,"href":"https:\/\/www.europesays.com\/de\/wp-json\/wp\/v2\/media\/298355"}],"wp:attachment":[{"href":"https:\/\/www.europesays.com\/de\/wp-json\/wp\/v2\/media?parent=298354"}],"wp:term":[{"taxonomy":"category","embeddable":true,"href":"https:\/\/www.europesays.com\/de\/wp-json\/wp\/v2\/categories?post=298354"},{"taxonomy":"post_tag","embeddable":true,"href":"https:\/\/www.europesays.com\/de\/wp-json\/wp\/v2\/tags?post=298354"}],"curies":[{"name":"wp","href":"https:\/\/api.w.org\/{rel}","templated":true}]}}