{"id":298493,"date":"2025-07-27T17:28:16","date_gmt":"2025-07-27T17:28:16","guid":{"rendered":"https:\/\/www.europesays.com\/de\/298493\/"},"modified":"2025-07-27T17:28:16","modified_gmt":"2025-07-27T17:28:16","slug":"und-leben-de-muenster-umstrittener-us-bischof-barron-trotz-protesten-ausgezeichnet","status":"publish","type":"post","link":"https:\/\/www.europesays.com\/de\/298493\/","title":{"rendered":"und-Leben.de &#8211; M\u00fcnster: Umstrittener US-Bischof Barron trotz Protesten ausgezeichnet"},"content":{"rendered":"<p>Der M\u00fcnsteraner <a href=\"https:\/\/www.kirche-und-leben.de\/themen\/themenbereich\/polizei\" target=\"_blank\" title=\"Mehr \u00fcber Polizei\" rel=\"nofollow noopener\">Polizei<\/a> lagen auf Anfrage von Kirche+Leben noch keine Erkenntnisse dazu vor. Die Teilnehmer der Mahnwache distanzierten sich gegen\u00fcber Kirche+Leben von dieser Form des Protests. Vandalismus sei immer zu verurteilen, so <a href=\"https:\/\/www.kirche-und-leben.de\/artikel\/kfd-cdu-bundestag-abgeordnete-anne-koenig-bistum-muenster-borken-bundesvorsitzende-neuwahl\" rel=\"nofollow noopener\" target=\"_blank\">Ruth Fehlker<\/a>. Sie ist <a href=\"https:\/\/www.kirche-und-leben.de\/themen\/themenbereich\/pastoralreferenten\" target=\"_blank\" title=\"Mehr \u00fcber Pastoralreferenten\" rel=\"nofollow noopener\">Pastoralreferentin<\/a> in <a href=\"https:\/\/www.kirche-und-leben.de\/themen\/themenbereich\/kreisdekanat-coesfeld\" target=\"_blank\" title=\"Mehr \u00fcber das Kreisdekanat Coesfeld\" rel=\"nofollow noopener\">Coesfeld<\/a> und Teil der geistlichen Leitung des KFD-Bundesverbands. Damit habe man der Mahnwache einen \u201eB\u00e4rendienst\u201c erwiesen.<\/p>\n<p>Auch das Symposion am Samstag lief nicht ger\u00e4uschlos ab. Aber von vorne: Die folgenden Schilderungen st\u00fctzen sich auf einen Livestream des Fernsehsenders K-TV. Die unmittelbare Berichterstattung war Kirche+Leben nicht m\u00f6glich. \u201eWir bedauern, Ihnen eine Teilnahme an unserer Veranstaltung nicht zusagen zu k\u00f6nnen\u201c, hie\u00df es von Seiten der Josef-Pieper-Stiftung auf mehrfache Anfrage der Redaktion. Noch im Februar dieses Jahres hatte Stiftungs-Vorstand Berthold Wald Kirche+Leben dazu aufgefordert, sich selbst ein Bild von der Veranstaltung zu machen: \u201eSie sind als Pressevertreter herzlich eingeladen.\u201c<\/p>\n<p>\u00c4hnlich erging es anderen Medien wie der Deutschen Presse-Agentur und dem WDR: \u201eAufnahmen w\u00e4hrend unserer Veranstaltungen seitens des WDR sind nicht m\u00f6glich. [\u2026] F\u00fcr ein Interview stehen wir seitens des Vorstandes der Josef-Pieper-Stiftung nicht zur Verf\u00fcgung.\u201c Hingegen lie\u00df die Stiftung Vertreter von K-TV, des Fernsehsenders EWTN und der W\u00fcrzburger Wochenzeitung \u201eTagespost\u201c zu.<\/p>\n<p>Symposion suchte nach Wegen der Verk\u00fcndigung<\/p>\n<p>Die Veranstaltung in der Bistums-Akademie Franz-Hitze-Haus bestand aus drei Vortr\u00e4gen und einem abendlichen Podiumsgespr\u00e4ch mit Bischof Barron. Der mit 360 Sitzpl\u00e4tzen gr\u00f6\u00dfte Saal des Hauses war gut, aber nicht bis auf den letzten Platz gef\u00fcllt, soweit es der Livestream von K-TV erkennen lie\u00df. Die Veranstalter hatten sich vorgenommen, mit Barron nach \u201eWegen der Glaubensverk\u00fcndigung heute\u201c zu suchen.<\/p>\n<p>Andererseits sollte das Symposion auch die \u201eimmense \u00dcbereinstimmung\u201c zwischen Josef Pieper und Barron einsichtig machen, wie Stiftungs-Gesch\u00e4ftsf\u00fchrer Hans-Georg Nissing mehrfach hervorhob. Dementsprechend befassten sich die ersten beiden Redner mit eher historischen Themen: Stiftungs-Vorstand Wald zeichnete anhand eines k\u00fcrzlich erschienenen Briefwechsels die Beziehung zwischen Pieper und dem Schweizer Theologen Hans Urs von Balthasar nach.\u00a0<\/p>\n<p>Protest bei Abschlussgespr\u00e4ch<\/p>\n<p class=\"text-justify\">Anschlie\u00dfend sprach die Philosophin und <a href=\"https:\/\/www.kirche-und-leben.de\/artikel\/philosophin-gerl-falkovitz-erhaelt-josef-pieper-preis\" rel=\"nofollow noopener\" target=\"_blank\">fr\u00fchere Josef-Pieper-Preistr\u00e4gerin Hanna-Barbara Gerl-Falkovitz<\/a> \u00fcber \u201eKontexte und Themen christlicher Glaubensverk\u00fcndigung im 20. Jahrhundert in Deutschland\u201c. Den Bogen zu einer \u201ezeitgem\u00e4\u00dfen Verk\u00fcndigung des fleischgewordenen Wortes\u201c schlug als dritter Redner der <a href=\"https:\/\/www.kirche-und-leben.de\/artikel\/stift-heiligenkreuz-abtei-kloster-moenche-oesterreich-vatikan-visitation-untersuchung\" rel=\"nofollow noopener\" target=\"_blank\">Heiligenkreuzer Zisterzienserpater<\/a> Karl Wallner. Der Vortrag des Nationaldirektors von Missio <a href=\"https:\/\/www.kirche-und-leben.de\/themen\/themenbereich\/oesterreich\" target=\"_blank\" title=\"Mehr \u00fcber \u00d6sterreich\" rel=\"nofollow noopener\">\u00d6sterreich<\/a> unterschied sich jedoch in der Diktion von den Ausf\u00fchrungen seiner Vorg\u00e4nger: Mehrfach polemisierte Wallner gegen eine angeblich verbreitete \u201e1968er-Mentalit\u00e4t\u201c und bezeichnete diese als \u201eBeginn unseres Untergangs\u201c. Das Publikum bedachte die zahlreichen Witze des Paters auf Kosten der angeblich \u201esterbenden\u201c Kirche Europas mit lautem Gel\u00e4chter.<\/p>\n<p class=\"text-justify\">Den H\u00f6hepunkt des Symposions sollte ein Gespr\u00e4ch zwischen Stiftungs-Vorstand Wald, dem emeritierten Wiener Alttestamentler Ludger Schwienhorst-Sch\u00f6nberger und Bischof Barron bilden. Allerdings konnte dieser Austausch nicht wie geplant beginnen. Offenbar war es Protestlern in unbekannter Zahl gelungen, sich unter die Teilnehmer zu mischen. Mehrfach war der Ruf \u201eBarron raus!\u201c zu h\u00f6ren. Was mit den Protestlern passierte, lie\u00df sich der Livestream von K-TV nicht genau erkennen. Es standen lediglich einige Menschen auf. Anschlie\u00dfend brandete Applaus aus dem Publikum auf.<\/p>\n<p>Barron greift Kritik von M\u00fcnsteraner Theologen an<\/p>\n","protected":false},"excerpt":{"rendered":"Der M\u00fcnsteraner Polizei lagen auf Anfrage von Kirche+Leben noch keine Erkenntnisse dazu vor. Die Teilnehmer der Mahnwache distanzierten&hellip;\n","protected":false},"author":2,"featured_media":298494,"comment_status":"","ping_status":"","sticky":false,"template":"","format":"standard","meta":{"footnotes":""},"categories":[1843],"tags":[3364,29,30,16393,8970,1209],"class_list":{"0":"post-298493","1":"post","2":"type-post","3":"status-publish","4":"format-standard","5":"has-post-thumbnail","7":"category-muenster","8":"tag-de","9":"tag-deutschland","10":"tag-germany","11":"tag-kirche-und-leben-netz","12":"tag-muenster","13":"tag-nordrhein-westfalen"},"share_on_mastodon":{"url":"https:\/\/pubeurope.com\/@de\/114926380825402263","error":""},"_links":{"self":[{"href":"https:\/\/www.europesays.com\/de\/wp-json\/wp\/v2\/posts\/298493","targetHints":{"allow":["GET"]}}],"collection":[{"href":"https:\/\/www.europesays.com\/de\/wp-json\/wp\/v2\/posts"}],"about":[{"href":"https:\/\/www.europesays.com\/de\/wp-json\/wp\/v2\/types\/post"}],"author":[{"embeddable":true,"href":"https:\/\/www.europesays.com\/de\/wp-json\/wp\/v2\/users\/2"}],"replies":[{"embeddable":true,"href":"https:\/\/www.europesays.com\/de\/wp-json\/wp\/v2\/comments?post=298493"}],"version-history":[{"count":0,"href":"https:\/\/www.europesays.com\/de\/wp-json\/wp\/v2\/posts\/298493\/revisions"}],"wp:featuredmedia":[{"embeddable":true,"href":"https:\/\/www.europesays.com\/de\/wp-json\/wp\/v2\/media\/298494"}],"wp:attachment":[{"href":"https:\/\/www.europesays.com\/de\/wp-json\/wp\/v2\/media?parent=298493"}],"wp:term":[{"taxonomy":"category","embeddable":true,"href":"https:\/\/www.europesays.com\/de\/wp-json\/wp\/v2\/categories?post=298493"},{"taxonomy":"post_tag","embeddable":true,"href":"https:\/\/www.europesays.com\/de\/wp-json\/wp\/v2\/tags?post=298493"}],"curies":[{"name":"wp","href":"https:\/\/api.w.org\/{rel}","templated":true}]}}