{"id":298506,"date":"2025-07-27T17:35:12","date_gmt":"2025-07-27T17:35:12","guid":{"rendered":"https:\/\/www.europesays.com\/de\/298506\/"},"modified":"2025-07-27T17:35:12","modified_gmt":"2025-07-27T17:35:12","slug":"russland-und-china-suchen-schon-2027-konfrontation-mit-nato-und-usa","status":"publish","type":"post","link":"https:\/\/www.europesays.com\/de\/298506\/","title":{"rendered":"\u201eRussland und China suchen schon 2027 Konfrontation mit Nato und USA\u201c"},"content":{"rendered":"<ol class=\"id-DonaldBreadcrumb lp_west_breadcrumb id-DonaldBreadcrumb--default\" data-k5a-pos=\"west_breadcrumb\">\n<li class=\"id-Breadcrumb-item\"><a href=\"https:\/\/www.merkur.de\/\" class=\"id-Breadcrumb-link\" data-id-ec=\"{\" shn=\"\" textlink=\"\" data-k5a-pos=\"1_startseite\" rel=\"nofollow noopener\" target=\"_blank\">Startseite<\/a><\/li>\n<li class=\"id-Breadcrumb-item\"><a href=\"https:\/\/www.merkur.de\/politik\/\" class=\"id-Breadcrumb-link\" data-id-ec=\"{\" shn=\"\" textlink=\"\" data-k5a-pos=\"2_politik\" rel=\"nofollow noopener\" target=\"_blank\">Politik<\/a><\/li>\n<\/ol>\n<p class=\"id-Story-timestamp id-Story-timestamp--default\">Stand: 27.07.2025, 19:04 Uhr<\/p>\n<p class=\"id-Story-authors id-Story-authors--default\">Von: <a class=\"id-Story-authors-link lp_west_author\" href=\"https:\/\/www.merkur.de\/autor\/dayan-djajadisastra-phbdisae.html\" title=\"Zur Autorenseite von Dayan Djajadisastra\" data-id-ec=\"{\" shn=\"\" author-link=\"\" djajadisastra=\"\" data-k5a-pos=\"west_author\" rel=\"nofollow noopener\" target=\"_blank\">Dayan Djajadisastra<\/a><\/p>\n<p class=\"id-Story-interactionBar id-Story-interactionBar--default\">DruckenTeilen<\/p>\n<p class=\"id-StoryElement-leadText\">Greifen Russland und China die Nato und die USA schon 2027 an? EU-Staaten wollen bis 2030 f\u00fcr einen m\u00f6glichen Angriff ger\u00fcstet sein.<\/p>\n<p class=\"id-StoryElement-paragraph\">Warschau \u2013 Polen erh\u00f6ht das Tempo bei der Aufr\u00fcstung. Ministerpr\u00e4sident Donald Tusk warnte laut dpa, Europa und insbesondere Polen m\u00fcssten deutlich fr\u00fcher auf einen m\u00f6glichen gro\u00dfen Konflikt mit Russland vorbereitet sein, als es bislang in der <a href=\"https:\/\/www.fr.de\/politik\/eu-europaeische-union-mitgliedstaaten-laender-gruendung-von-der-leyen-ziele-91385429.html\" class=\"id-import-Link id-pageApi-Link--externalDomain\" data-id-ec=\"{&quot;sht&quot;:&quot;Container&quot;,&quot;shn&quot;:&quot;Story&quot;,&quot;p&quot;:{&quot;containerType&quot;:&quot;Paragraph&quot;,&quot;displayType&quot;:&quot;Paragraph InlineLink&quot;,&quot;type&quot;:&quot;INLINE_LINK&quot;,&quot;value&quot;:&quot;EU&quot;,&quot;variant&quot;:&quot;standardLink&quot;,&quot;sponsored&quot;:false,&quot;linkHref&quot;:&quot;https:\/\/www.fr.de\/politik\/eu-europaeische-union-mitgliedstaaten-laender-gruendung-von-der-leyen-ziele-91385429.html&quot;,&quot;storyElementPosition&quot;:8,&quot;storyElementCount&quot;:22}}\" rel=\"nofollow noopener\" target=\"_blank\">EU<\/a> diskutiert wird. Tusk nannte demnach das Jahr 2027 als Zielmarke, bis zu der Polen und Europa gewappnet sein m\u00fcssten. Seine Regierung werde \u201edie kommenden zwei Jahre maximal nutzen, um die Lage in Polen zu stabilisieren und Sicherheit zu gew\u00e4hrleisten\u201c.<\/p>\n<p class=\"id-StoryElement-paragraph\">Tusk \u00e4u\u00dferte sich bei einer B\u00fcrgerversammlung in der Stadt Pabianice bei Lodz, wie die dpa berichtet. Er verwies laut Agentur auf Einsch\u00e4tzungen des neuen <a href=\"https:\/\/www.fr.de\/politik\/nato-geschichte-bruessel-russland-ukraine-krim-annexion-usa-deutschland-91358399.html\" class=\"id-import-Link id-pageApi-Link--externalDomain\" data-id-ec=\"{&quot;sht&quot;:&quot;Container&quot;,&quot;shn&quot;:&quot;Story&quot;,&quot;p&quot;:{&quot;containerType&quot;:&quot;Paragraph&quot;,&quot;displayType&quot;:&quot;Paragraph InlineLink&quot;,&quot;type&quot;:&quot;INLINE_LINK&quot;,&quot;value&quot;:&quot;Nato&quot;,&quot;variant&quot;:&quot;standardLink&quot;,&quot;sponsored&quot;:false,&quot;linkHref&quot;:&quot;https:\/\/www.fr.de\/politik\/nato-geschichte-bruessel-russland-ukraine-krim-annexion-usa-deutschland-91358399.html&quot;,&quot;storyElementPosition&quot;:10,&quot;storyElementCount&quot;:22}}\" rel=\"nofollow noopener\" target=\"_blank\">Nato<\/a>-Oberbefehlshabers Alexus Grynkewich, mit dem er kurz zuvor gesprochen habe. Demnach k\u00f6nnten \u201eRussland und China bis 2027 so weit erstarken, dass sie koordiniert eine Konfrontation mit Nato und USA suchen\u201c.<\/p>\n<p>Die Nato w\u00e4chst und k\u00e4mpft: Alle Mitgliedstaaten und Eins\u00e4tze des B\u00fcndnisses<img decoding=\"async\" class=\"id-RatioPlaceholder-element wv_story_el_interstitialImage\" src=\"https:\/\/www.europesays.com\/de\/wp-content\/uploads\/2025\/04\/37680264-nato-einsatz-in-afghanistan-1UpX0ihnTQfe.jpg\" loading=\"lazy\"   height=\"2285\" width=\"3919\" alt=\"Nato-Einsatz in Afghanistan\"\/><a href=\"https:\/\/www.merkur.de\/politik\/buendnisses-die-nato-alle-mitgliedstaaten-und-einsaetze-des-zr-91900295.html\" class=\"id-StoryElement-intestitialLink-link\" data-id-ec=\"{\" shn=\"\" ansehen=\"\" data-k5a-pos=\"west_story_10_photoGalleryLink\" title=\"Zur Fotostrecke: Die Nato w&#xE4;chst und k&#xE4;mpft: Alle Mitgliedstaaten und Eins&#xE4;tze des B&#xFC;ndnisses\" rel=\"nofollow noopener\" target=\"_blank\">Fotostrecke ansehen<\/a><\/p>\n<p class=\"id-StoryElement-paragraph\"><strong>Polen schl\u00e4gt Alarm \u2013 Wann k\u00f6nnte Russland angreifen?<\/strong><\/p>\n<p class=\"id-StoryElement-paragraph\">Die Frage besch\u00e4ftigt seit Beginn des russischen Angriffskriegs gegen die Ukraine immer mehr Experten. Nach Einsch\u00e4tzungen westlicher Milit\u00e4rfachleute, die die dpa zusammengetragen hat, kursieren unterschiedliche Zeitangaben, ab wann eine Bedrohung weiterer Staaten realistisch sein k\u00f6nnte. \u201e2027 ist dabei bislang die k\u00fcrzeste genannte Frist\u201c, schreibt die dpa. <\/p>\n<p class=\"id-StoryElement-paragraph\">Vor einigen Wochen berichteten mehrere Medien, dass Polen j\u00e4hrlich 100.000 freiwillige Soldaten ausbilden will. \u201eDas ist eine schwierige Aufgabe, aber ich wei\u00df, dass sie machbar ist\u201c, sagte Ministerpr\u00e4sident Donald Tusk. Um sich gegen die Bedrohung durch Russland zu wappnen, hat die Regierung zuletzt einer milit\u00e4rischen <a href=\"https:\/\/www.merkur.de\/leben\/karriere\/ausbildung-sti44966\/\" class=\"id-import-Link\" title=\"Ausbildung\" data-id-ec=\"{&quot;sht&quot;:&quot;Container&quot;,&quot;shn&quot;:&quot;Story&quot;,&quot;p&quot;:{&quot;containerType&quot;:&quot;Paragraph&quot;,&quot;displayType&quot;:&quot;Paragraph InlineLink&quot;,&quot;type&quot;:&quot;INLINE_LINK&quot;,&quot;value&quot;:&quot;Ausbildung&quot;,&quot;variant&quot;:&quot;standardLink&quot;,&quot;sponsored&quot;:false,&quot;linkHref&quot;:&quot;https:\/\/www.merkur.de\/leben\/karriere\/ausbildung-sti44966\/&quot;,&quot;storyElementPosition&quot;:15,&quot;storyElementCount&quot;:22}}\" rel=\"nofollow noopener\" target=\"_blank\">Ausbildung<\/a> aller erwachsenen M\u00e4nner zugestimmt.<\/p>\n<p>Angriff auf die Nato durch Russland: Wie Pistorius es sieht<\/p>\n<p class=\"id-StoryElement-paragraph\">Bundesverteidigungsminister <a href=\"https:\/\/www.merkur.de\/politik\/boris-pistorius-deutschland-bundesverteidigungsminister-92039104.html\" class=\"id-import-Link\" data-id-ec=\"{&quot;sht&quot;:&quot;Container&quot;,&quot;shn&quot;:&quot;Story&quot;,&quot;p&quot;:{&quot;containerType&quot;:&quot;Paragraph&quot;,&quot;displayType&quot;:&quot;Paragraph InlineLink&quot;,&quot;type&quot;:&quot;INLINE_LINK&quot;,&quot;value&quot;:&quot;Boris Pistorius&quot;,&quot;variant&quot;:&quot;standardLink&quot;,&quot;sponsored&quot;:false,&quot;linkHref&quot;:&quot;https:\/\/www.merkur.de\/politik\/boris-pistorius-deutschland-bundesverteidigungsminister-92039104.html&quot;,&quot;storyElementPosition&quot;:18,&quot;storyElementCount&quot;:22}}\" rel=\"nofollow noopener\" target=\"_blank\">Boris Pistorius<\/a> (<a href=\"https:\/\/www.fr.de\/politik\/spd-org26325\/\" class=\"id-import-Link id-pageApi-Link--externalDomain\" title=\"SPD\" data-id-ec=\"{&quot;sht&quot;:&quot;Container&quot;,&quot;shn&quot;:&quot;Story&quot;,&quot;p&quot;:{&quot;containerType&quot;:&quot;Paragraph&quot;,&quot;displayType&quot;:&quot;Paragraph InlineLink&quot;,&quot;type&quot;:&quot;INLINE_LINK&quot;,&quot;value&quot;:&quot;SPD&quot;,&quot;variant&quot;:&quot;standardLink&quot;,&quot;sponsored&quot;:false,&quot;linkHref&quot;:&quot;https:\/\/www.fr.de\/politik\/spd-org26325\/&quot;,&quot;storyElementPosition&quot;:18,&quot;storyElementCount&quot;:22}}\" rel=\"nofollow noopener\" target=\"_blank\">SPD<\/a>) hingegen gehe von dem Jahr 2029 aus. Pistorius hatte Anfang Juli Russland als ernsthafte Gefahr nicht nur f\u00fcr Georgien und Moldawien, sondern \u201eletztlich auch f\u00fcr die Nato\u201c bezeichnet. In einer Regierungsbefragung im Bundestag betonte der Minister am 5. Juni,dass die Ukraine deshalb weiter unterst\u00fctzt werden m\u00fcsse.<\/p>\n<p class=\"id-StoryElement-paragraph\">\u201eEin Einbruch unserer Unterst\u00fctzung h\u00e4tte fatale Folgen\u201c, sagte Pistorius. Die Lieferung etwa des Patriot\u2011Flugabwehrraketensystems leiste wichtige Beitr\u00e4ge: \u201eJeder Euro z\u00e4hlt.\u201c Ein russischer Sieg, so der Minister weiter, k\u00e4me am Ende teurer als die jetzige Hilfe f\u00fcr die Ukraine .\u201eWir m\u00fcssen bis 2029 kriegst\u00fcchtig sein\u201c, forderte Pistorius. \u201eWir m\u00fcssen Abschreckung leisten, um zu verhindern, dass es zum \u00c4u\u00dfersten kommt.\u201c<\/p>\n<p><img decoding=\"async\" class=\"id-RatioPlaceholder-element wv_story_el_image\" src=\"https:\/\/www.europesays.com\/de\/wp-content\/uploads\/2025\/07\/39099082-polens-ministerpraesident-donald-tusk-RlBG.jpg\" loading=\"lazy\"   height=\"733\" width=\"1100\" alt=\"Polens Ministerpr&#xE4;sident Donald Tusk\"\/>Polen ist ein enger milit\u00e4rischer und politischer Verb\u00fcndeter der von Russland angegriffenen Ukraine. (Archivbild) \u00a9\u00a0Pascal Bastien\/AP\/dpa<\/p>\n<p class=\"id-StoryElement-paragraph\">Die EU-Staaten h\u00e4tten sich vorgenommen, \u201ebis 2030 in der Lage zu sein, einen russischen Angriff abzuwehren\u201c, meldet die dpa weiter. Wie die dpa berichtet, drehte die russische Zeitung\u00a0Komsomolskaja Prawda\u00a0die Darstellung zuletzt um \u2013 und unterstellte der Nato, \u201e2027 Russland angreifen zu wollen\u201c. <\/p>\n","protected":false},"excerpt":{"rendered":"Startseite Politik Stand: 27.07.2025, 19:04 Uhr Von: Dayan Djajadisastra DruckenTeilen Greifen Russland und China die Nato und die&hellip;\n","protected":false},"author":2,"featured_media":155737,"comment_status":"","ping_status":"","sticky":false,"template":"","format":"standard","meta":{"footnotes":""},"categories":[4013],"tags":[331,332,13,14,15,4043,4044,850,307,12],"class_list":{"0":"post-298506","1":"post","2":"type-post","3":"status-publish","4":"format-standard","5":"has-post-thumbnail","7":"category-russland","8":"tag-aktuelle-nachrichten","9":"tag-aktuelle-news","10":"tag-headlines","11":"tag-nachrichten","12":"tag-news","13":"tag-russia","14":"tag-russian-federation","15":"tag-russische-foederation","16":"tag-russland","17":"tag-schlagzeilen"},"share_on_mastodon":{"url":"https:\/\/pubeurope.com\/@de\/114926408648694472","error":""},"_links":{"self":[{"href":"https:\/\/www.europesays.com\/de\/wp-json\/wp\/v2\/posts\/298506","targetHints":{"allow":["GET"]}}],"collection":[{"href":"https:\/\/www.europesays.com\/de\/wp-json\/wp\/v2\/posts"}],"about":[{"href":"https:\/\/www.europesays.com\/de\/wp-json\/wp\/v2\/types\/post"}],"author":[{"embeddable":true,"href":"https:\/\/www.europesays.com\/de\/wp-json\/wp\/v2\/users\/2"}],"replies":[{"embeddable":true,"href":"https:\/\/www.europesays.com\/de\/wp-json\/wp\/v2\/comments?post=298506"}],"version-history":[{"count":0,"href":"https:\/\/www.europesays.com\/de\/wp-json\/wp\/v2\/posts\/298506\/revisions"}],"wp:featuredmedia":[{"embeddable":true,"href":"https:\/\/www.europesays.com\/de\/wp-json\/wp\/v2\/media\/155737"}],"wp:attachment":[{"href":"https:\/\/www.europesays.com\/de\/wp-json\/wp\/v2\/media?parent=298506"}],"wp:term":[{"taxonomy":"category","embeddable":true,"href":"https:\/\/www.europesays.com\/de\/wp-json\/wp\/v2\/categories?post=298506"},{"taxonomy":"post_tag","embeddable":true,"href":"https:\/\/www.europesays.com\/de\/wp-json\/wp\/v2\/tags?post=298506"}],"curies":[{"name":"wp","href":"https:\/\/api.w.org\/{rel}","templated":true}]}}