{"id":298590,"date":"2025-07-27T18:24:10","date_gmt":"2025-07-27T18:24:10","guid":{"rendered":"https:\/\/www.europesays.com\/de\/298590\/"},"modified":"2025-07-27T18:24:10","modified_gmt":"2025-07-27T18:24:10","slug":"isabel-allende-ein-aufregendes-leben-mein-leben-ist-emilia-des-valle","status":"publish","type":"post","link":"https:\/\/www.europesays.com\/de\/298590\/","title":{"rendered":"Isabel ALLENDE: Ein aufregendes Leben Mein Leben ist Emilia des Valle"},"content":{"rendered":"<p>\n\tErfolgreich. Bald 30 B\u00fccher (\u00fcbersetzt in \u00fcber 40 Sprachen) hat sie in ihrer jahrzehntelangen Schaffenszeit schon ver\u00f6ffentlicht, darunter Violeta oder Das Geisterhaus, das legend\u00e4r mit den Schauspielerinnen Meryl Streep und Glenn Close verfilmt wurde. Nun ist ein neuer Roman der chilenisch-amerikanischen Autorin Isabel Allende erschienen.<\/p>\n<p>\tMehr zum Thema<\/p>\n<p>\tGeschichte einer besonderen Frau<\/p>\n<p>\n\tSchreiben. Mein Name ist Emilia del Valle dreht sich um die Tochter einer irischen Nonne und eines chilenischen Aristokraten, die 1866 in San Francisco geboren wird. Der herzliche Stiefvater zieht Emilia in \u00e4rmlichen Verh\u00e4ltnissen auf. Das M\u00e4dchen verbiegt sich f\u00fcr nichts und niemanden, hat seinen eigenen Kopf, der randvoll gef\u00fcllt ist mit Geschichten.<\/p>\n<p>\u00a9 Getty Images<\/p>\n<p>            \u00d7<br \/>\n            <img decoding=\"async\" class=\"overrideImageModalContent lazyload\" alt=\"Isabel Allende\" src=\"data:image\/png;base64,iVBORw0KGgoAAAANSUhEUgAAAAEAAAABAQAAAAA3bvkkAAAAAnRSTlMAAQGU\/a4AAAAKSURBVHgBY2gAAACCAIFMF9ffAAAAAElFTkSuQmCC\"\/><\/p>\n<p>\tHit\u00a0<\/p>\n<p>\n\tBereits als Teenager sind ihre Groschenromane \u2013 sie ver\u00f6ffentlicht diese unter einem m\u00e4nnlichen Pseudonym \u2013 ein Hit. Doch Emilia sucht eine neue Herausforderung, sie will \u00fcber das echte Leben schreiben und wird Reporterin f\u00fcr eine Zeitung. Dort lernt sie Eric kennen, ihren faszinierenden Kollegen, mit dem sie nach Chile reist, um sich dort umgehend mit dem drohenden B\u00fcrgerkrieg, mit neuen Gef\u00fchlen und alten Geistern konfrontiert zu sehen.<\/p>\n<p>\tLeben ist ein gro\u00dfes Abenteuer<\/p>\n<p>\n\tThemen. Allende hat die Gabe, Geschichten zu erz\u00e4hlen, die Lesende umgehend in die Sph\u00e4re ihrer B\u00fccher saugen.<br \/>Thematisch kn\u00fcpft die Autorin mit ihrem neuen Roman an wiederkehrende Themen ihres Schaffens an: Identit\u00e4t, Heimat, Liebe. Ihre Emilia ist eine Suchende, wie sie \u00f6fter in Allendes B\u00fcchern vorkommt.<\/p>\n<p>Ihr Weg, ihre Wurzeln, ihr Wesen will sie ergr\u00fcnden. Verpackt ist das in ein gro\u00dfes Abenteuer, das normalerweise nur m\u00e4nnlichen Figuren zusteht. Allende ist eine starke fiktive Lebensgeschichte gelungen, die ja, manchmal von Melancholie getragen wird und von Sehns\u00fcchten, aber dass Allendes Schreiben verkitscht &#8211; wie ihr zuletzt in Kritiken vorgeworfen wurde, k\u00f6nnen wir nicht unterschreiben und genie\u00dfen diesen Roman, der voller \u00dcberraschungen steckt.<\/p>\n","protected":false},"excerpt":{"rendered":"Erfolgreich. Bald 30 B\u00fccher (\u00fcbersetzt in \u00fcber 40 Sprachen) hat sie in ihrer jahrzehntelangen Schaffenszeit schon ver\u00f6ffentlicht, darunter&hellip;\n","protected":false},"author":2,"featured_media":298591,"comment_status":"","ping_status":"","sticky":false,"template":"","format":"standard","meta":{"footnotes":""},"categories":[1774],"tags":[1784,1785,29,214,30,215],"class_list":{"0":"post-298590","1":"post","2":"type-post","3":"status-publish","4":"format-standard","5":"has-post-thumbnail","7":"category-buecher","8":"tag-books","9":"tag-buecher","10":"tag-deutschland","11":"tag-entertainment","12":"tag-germany","13":"tag-unterhaltung"},"share_on_mastodon":{"url":"https:\/\/pubeurope.com\/@de\/114926601203797816","error":""},"_links":{"self":[{"href":"https:\/\/www.europesays.com\/de\/wp-json\/wp\/v2\/posts\/298590","targetHints":{"allow":["GET"]}}],"collection":[{"href":"https:\/\/www.europesays.com\/de\/wp-json\/wp\/v2\/posts"}],"about":[{"href":"https:\/\/www.europesays.com\/de\/wp-json\/wp\/v2\/types\/post"}],"author":[{"embeddable":true,"href":"https:\/\/www.europesays.com\/de\/wp-json\/wp\/v2\/users\/2"}],"replies":[{"embeddable":true,"href":"https:\/\/www.europesays.com\/de\/wp-json\/wp\/v2\/comments?post=298590"}],"version-history":[{"count":0,"href":"https:\/\/www.europesays.com\/de\/wp-json\/wp\/v2\/posts\/298590\/revisions"}],"wp:featuredmedia":[{"embeddable":true,"href":"https:\/\/www.europesays.com\/de\/wp-json\/wp\/v2\/media\/298591"}],"wp:attachment":[{"href":"https:\/\/www.europesays.com\/de\/wp-json\/wp\/v2\/media?parent=298590"}],"wp:term":[{"taxonomy":"category","embeddable":true,"href":"https:\/\/www.europesays.com\/de\/wp-json\/wp\/v2\/categories?post=298590"},{"taxonomy":"post_tag","embeddable":true,"href":"https:\/\/www.europesays.com\/de\/wp-json\/wp\/v2\/tags?post=298590"}],"curies":[{"name":"wp","href":"https:\/\/api.w.org\/{rel}","templated":true}]}}