{"id":298763,"date":"2025-07-27T20:03:17","date_gmt":"2025-07-27T20:03:17","guid":{"rendered":"https:\/\/www.europesays.com\/de\/298763\/"},"modified":"2025-07-27T20:03:17","modified_gmt":"2025-07-27T20:03:17","slug":"so-war-die-premiere-von-fishermen-and-friends","status":"publish","type":"post","link":"https:\/\/www.europesays.com\/de\/298763\/","title":{"rendered":"So war die Premiere von &#8222;Fishermen and Friends&#8220;"},"content":{"rendered":"<p class=\"text_ohne_einzug richtext text-em-55 !leading-serif mx-6 desktop:mx-0\"> Im Grunde waren es zwei Premieren, die am Samstag bei den Schlossfestspielen gefeiert wurden. Nicht nur die Kom\u00f6die \u201eFishermen and Friends\u201c wurde erstmals aufgef\u00fchrt, auch das Publikum bekam erstmals eine Rolle. Es platzte n\u00e4mlich f\u00f6rmlich rein in die Kneipe von Hein Hansen auf der Hallig L\u00fcttjesand, wo sich der Shantychor jeden Mittwoch zur Probe trifft. Kaum sind die ersten Zeilen von \u201eHamborger Veermaster\u201c erklungen, singen einige G\u00e4ste mit. Beim Refrain \u201eIt&#8217;s blow, boys, blow for California-oh\u201c steigen alle ein, sodass die S\u00e4nger auf der B\u00fchne von fast 500 Premiere-G\u00e4sten unterst\u00fctzt werden. Auch bei den anderen zehn Shantys, die das Ensemble an diesem Abend sehr gekonnt live vortr\u00e4gt, unterst\u00fctzen die Zuschauer den Chor auf der B\u00fchne.<\/p>\n","protected":false},"excerpt":{"rendered":"Im Grunde waren es zwei Premieren, die am Samstag bei den Schlossfestspielen gefeiert wurden. Nicht nur die Kom\u00f6die&hellip;\n","protected":false},"author":2,"featured_media":298764,"comment_status":"","ping_status":"","sticky":false,"template":"","format":"standard","meta":{"footnotes":""},"categories":[1849],"tags":[86998,96,87000,3364,29,29137,548,663,3934,86996,66046,15681,30,86997,13,22826,86999,4455,14,29198,15,1209,7292,12,85644],"class_list":{"0":"post-298763","1":"post","2":"type-post","3":"status-publish","4":"format-standard","5":"has-post-thumbnail","7":"category-moenchengladbach","8":"tag-blow","9":"tag-buehne","10":"tag-buehnenpraesenz","11":"tag-de","12":"tag-deutschland","13":"tag-ensemble","14":"tag-eu","15":"tag-europa","16":"tag-europe","17":"tag-fishermen","18":"tag-freilichtbuehne","19":"tag-friends","20":"tag-germany","21":"tag-hallig","22":"tag-headlines","23":"tag-komoedie","24":"tag-luettjesand","25":"tag-moenchengladbach","26":"tag-nachrichten","27":"tag-neersen","28":"tag-news","29":"tag-nordrhein-westfalen","30":"tag-nordsee","31":"tag-schlagzeilen","32":"tag-sommerkomoedie"},"share_on_mastodon":{"url":"https:\/\/pubeurope.com\/@de\/114926990357172792","error":""},"_links":{"self":[{"href":"https:\/\/www.europesays.com\/de\/wp-json\/wp\/v2\/posts\/298763","targetHints":{"allow":["GET"]}}],"collection":[{"href":"https:\/\/www.europesays.com\/de\/wp-json\/wp\/v2\/posts"}],"about":[{"href":"https:\/\/www.europesays.com\/de\/wp-json\/wp\/v2\/types\/post"}],"author":[{"embeddable":true,"href":"https:\/\/www.europesays.com\/de\/wp-json\/wp\/v2\/users\/2"}],"replies":[{"embeddable":true,"href":"https:\/\/www.europesays.com\/de\/wp-json\/wp\/v2\/comments?post=298763"}],"version-history":[{"count":0,"href":"https:\/\/www.europesays.com\/de\/wp-json\/wp\/v2\/posts\/298763\/revisions"}],"wp:featuredmedia":[{"embeddable":true,"href":"https:\/\/www.europesays.com\/de\/wp-json\/wp\/v2\/media\/298764"}],"wp:attachment":[{"href":"https:\/\/www.europesays.com\/de\/wp-json\/wp\/v2\/media?parent=298763"}],"wp:term":[{"taxonomy":"category","embeddable":true,"href":"https:\/\/www.europesays.com\/de\/wp-json\/wp\/v2\/categories?post=298763"},{"taxonomy":"post_tag","embeddable":true,"href":"https:\/\/www.europesays.com\/de\/wp-json\/wp\/v2\/tags?post=298763"}],"curies":[{"name":"wp","href":"https:\/\/api.w.org\/{rel}","templated":true}]}}