{"id":298777,"date":"2025-07-27T20:10:10","date_gmt":"2025-07-27T20:10:10","guid":{"rendered":"https:\/\/www.europesays.com\/de\/298777\/"},"modified":"2025-07-27T20:10:10","modified_gmt":"2025-07-27T20:10:10","slug":"theresa-westmark-engagiert-sich-in-namibia","status":"publish","type":"post","link":"https:\/\/www.europesays.com\/de\/298777\/","title":{"rendered":"Theresa Westmark engagiert sich in Namibia"},"content":{"rendered":"<p>Das Projekt habe sie sofort angesprochen, als eine ehemalige Freiwillige davon erz\u00e4hlt habe. \u201eEs ist so vielf\u00e4ltig und cool\u201c, berichtet Theresa Westmark. \u201eAu\u00dferdem ist gerade Alina Terzenbach dort, die ich aus der Messdienerarbeit in unserer Pfarrei kenne\u201c, erg\u00e4nzt sie und lacht dar\u00fcber, wie klein dann doch die Welt sein kann. Zudem kenne sie die Arbeit mit Kindern als Gruppenleiterin, aber auch der Unterricht sei ihr nicht fremd. \u201eIch habe Nachhilfe gegeben\u201c, verr\u00e4t die 18-J\u00e4hrige. Und so war die Freude gro\u00df, als feststand, dass es f\u00fcr sie in ihr Wunschprojekt geht.<\/p>\n<p>Schon seit ein paar Jahren war f\u00fcr Theresa Westmark klar, dass sie nach dem Abitur in die weite Welt hinaus wollte. \u201eJetzt ist die beste Zeit daf\u00fcr. Meine Mutter hat mich auf die Idee gebracht, mich \u00fcber das Bistum M\u00fcnster f\u00fcr das weltw\u00e4rts-Programm zu bewerben\u201c, sagt sie. Die Entscheidung habe sie keineswegs bereut. \u201eDie Vorbereitungsseminare waren sehr gut, aber auch anstrengend. Wir haben viele Informationen erhalten. Ich f\u00fchle mich gut ger\u00fcstet\u201c, berichtet sie. Und w\u00e4hrend der Treffen seien die insgesamt 26 Freiwilligen zu einer Gemeinschaft zusammengewachsen.<\/p>\n<p>Nun gilt es, was in den gro\u00dfen Reiserucksack kommt. Neben der Kleidung packt sie auch eine Musikbox ein, die sie sich zum Geburtstag gew\u00fcnscht hat. \u201eDie k\u00f6nnen wir bestimmt gut f\u00fcr die Freizeitangebote mit den Kindern gebrauchen\u201c, ist sie \u00fcberzeugt. Aber auch ein weiteres Geschenk findet seinen Platz. \u201eEin Reisetagebuch. Ich habe angefangen, meine Gedanken darin festzuhalten. Das Schreiben macht mir Freude\u201c, erz\u00e4hlt Theresa Westmark, die in den vergangenen Jahren B\u00fccher f\u00fcr sich entdeckt hat. Aber auch ein Kuscheltier, das sie von ihrem Freund bekommen hat, und ein paar Kleinigkeiten wie ein Gl\u00fccksbringer werden sie nach Namibia begleiten.<\/p>\n<p>Eine Idee hat sie auch schon, wie es nach ihrem Aufenthalt weitergehen soll. \u201eIch finde den medizinischen Bereich sehr interessant. Was es genau wird \u2013 ob ein Studium oder eine Ausbildung \u2013 wei\u00df ich noch nicht. Aber vielleicht wird es auch etwas ganz anderes, wenn ich in Namibia mit den Kindern gearbeitet habe\u201c, \u00fcberlegt sie. Sie hofft, dass ihr das Auslandsjahr auch ein bisschen als Wegweiser dient.<\/p>\n<p>Um andere an ihrem Aufenthalt teilhaben zu lassen, werden die beiden Freiwilligen auf Instagram von ihrer Zeit berichten unter <a href=\"https:\/\/www.instagram.com\/zuzweitinnamibia\/#\" target=\"_blank\" class=\"std-external\" rel=\"noreferrer noopener\">zuzweitinnamibia<\/a>.<\/p>\n<p>F\u00fcr das kommende Jahr k\u00f6nnen sich Interessierte f\u00fcr einen Freiwilligendienst noch bis zum 15. Oktober anmelden auf der Internetseite der <a href=\"http:\/\/www.ms-freiwillig.de\" target=\"_blank\" class=\"std-external\" rel=\"noreferrer noopener\">Internationalen Freiwilligendienste<\/a> des Bistums M\u00fcnster.<\/p>\n<p>Text: Michaela Kiepe\/Foto: Lara Bergjohann<\/p>\n<p><script async src=\"\/\/www.instagram.com\/embed.js\"><\/script><\/p>\n","protected":false},"excerpt":{"rendered":"Das Projekt habe sie sofort angesprochen, als eine ehemalige Freiwillige davon erz\u00e4hlt habe. \u201eEs ist so vielf\u00e4ltig und&hellip;\n","protected":false},"author":2,"featured_media":298778,"comment_status":"","ping_status":"","sticky":false,"template":"","format":"standard","meta":{"footnotes":""},"categories":[1843],"tags":[15176,3364,29,30,87002,8970,33988,1209,87001,86443],"class_list":{"0":"post-298777","1":"post","2":"type-post","3":"status-publish","4":"format-standard","5":"has-post-thumbnail","7":"category-muenster","8":"tag-freiwilligendienst","9":"tag-de","10":"tag-deutschland","11":"tag-germany","12":"tag-internationale-freiwilligendienste","13":"tag-muenster","14":"tag-namibia","15":"tag-nordrhein-westfalen","16":"tag-theresa-westmark","17":"tag-weltwaerts"},"share_on_mastodon":{"url":"https:\/\/pubeurope.com\/@de\/114927017975693746","error":""},"_links":{"self":[{"href":"https:\/\/www.europesays.com\/de\/wp-json\/wp\/v2\/posts\/298777","targetHints":{"allow":["GET"]}}],"collection":[{"href":"https:\/\/www.europesays.com\/de\/wp-json\/wp\/v2\/posts"}],"about":[{"href":"https:\/\/www.europesays.com\/de\/wp-json\/wp\/v2\/types\/post"}],"author":[{"embeddable":true,"href":"https:\/\/www.europesays.com\/de\/wp-json\/wp\/v2\/users\/2"}],"replies":[{"embeddable":true,"href":"https:\/\/www.europesays.com\/de\/wp-json\/wp\/v2\/comments?post=298777"}],"version-history":[{"count":0,"href":"https:\/\/www.europesays.com\/de\/wp-json\/wp\/v2\/posts\/298777\/revisions"}],"wp:featuredmedia":[{"embeddable":true,"href":"https:\/\/www.europesays.com\/de\/wp-json\/wp\/v2\/media\/298778"}],"wp:attachment":[{"href":"https:\/\/www.europesays.com\/de\/wp-json\/wp\/v2\/media?parent=298777"}],"wp:term":[{"taxonomy":"category","embeddable":true,"href":"https:\/\/www.europesays.com\/de\/wp-json\/wp\/v2\/categories?post=298777"},{"taxonomy":"post_tag","embeddable":true,"href":"https:\/\/www.europesays.com\/de\/wp-json\/wp\/v2\/tags?post=298777"}],"curies":[{"name":"wp","href":"https:\/\/api.w.org\/{rel}","templated":true}]}}