{"id":298805,"date":"2025-07-27T20:27:26","date_gmt":"2025-07-27T20:27:26","guid":{"rendered":"https:\/\/www.europesays.com\/de\/298805\/"},"modified":"2025-07-27T20:27:26","modified_gmt":"2025-07-27T20:27:26","slug":"schalke-04-start-alarm-karius-ploetzlich-in-der-schiessbude-sport","status":"publish","type":"post","link":"https:\/\/www.europesays.com\/de\/298805\/","title":{"rendered":"Schalke 04: Start-Alarm: Karius pl\u00f6tzlich in der Schie\u00dfbude | Sport"},"content":{"rendered":"<p><b>Diese Pleite macht Schalke Sorgen!<\/b><\/p>\n<p>Beim 2:4 im H\u00e4rtetest gegen den FC Sevilla lieferte die Truppe von Trainer Miron Muslic (42) eine erschreckend limitierte Leistung ab. F\u00fcnf Tage vor dem Auftakt-Kracher gegen Hertha (Freitag, 20.30 Uhr\/Sky und SAT.1) sahen 45.774 Fans \u00fcberall Schw\u00e4chen, individuelle und taktische\u00a0\u2026<\/p>\n<p>Lesen Sie auch<\/p>\n<p><b>Start-Alarm auf Schalke \u2013 Karius pl\u00f6tzlich in der Schie\u00dfbude!<\/b><\/p>\n<p>\u25ba Die Defensive (wirkte w\u00e4hrend der bisherigen Vorbereitung stabil) wurde vom Spanien-Erstligisten im Spaziergang zerlegt. Star-Schnapper Loris Karius (32\/sah beim 0:1 schlecht aus) hatte hinter der Dreier- bzw. F\u00fcnfer-Kette verdammt viel zu tun, verhinderte mit einigen Paraden ein durchaus m\u00f6gliches Desaster.<\/p>\n<p>Auch interessant<\/p>\n<p>Anzeige<\/p>\n<p>Auch interessant<\/p>\n<p>Anzeige<\/p>\n<p>Dass Abwehr-Anf\u00fchrer Nikola Katic (28\/ein Einsatz gegen Hertha BSC ist trotzdem m\u00f6glich) nach einem Kopf-Crash angeknockt war und kurz vor der Halbzeit raus musste, kann die pers\u00f6nlichen Patzer vor Gegentoren und Gro\u00dfchancen nicht entschuldigen.<\/p>\n<p>\u25ba In der Offensive ging (wie schon in den vergangenen Wochen) wieder wenig bis nichts. Keine Kreativit\u00e4t, kaum effiziente Aggressivit\u00e4t, weitgehend ein Angsthasen-Auftritt.<\/p>\n<p><b>Muslic versucht, die Niederlage zu relativieren: \u201eSevilla ist nicht der Gradmesser f\u00fcr uns. Wir spielen nicht jede Woche gegen so ein Top-Team.\u201c<\/b><\/p>\n<p><img decoding=\"async\" width=\"992\" height=\"558\" alt=\"Schalke-Cheftrainer Miron Muslic (42)\" src=\"https:\/\/www.europesays.com\/de\/wp-content\/uploads\/2025\/07\/9aed13a884148db05627293665f8be47,a7d1eb71\"   class=\"landscape\" loading=\"lazy\"\/><\/p>\n<p class=\"fig__caption__text\">Schalke-Cheftrainer Miron Muslic (42)<\/p>\n<p>Foto: Getty Images<\/p>\n<p><b>Doch intern werden die Probleme nicht sch\u00f6ngeredet. Nach BILD-Informationen sehen Sport-Boss Frank Baumann (49), Sportdirektor Youri Mulder (56) und Kaderplaner Ben Manga (51) dringenden Bedarf, m\u00f6glichst ALLE Team-Teile noch zu verst\u00e4rken.<\/b><\/p>\n<p>Gesucht: ein linker Innenverteidiger, ein Au\u00dfenverteidiger, ein Mittelfeld-Chef, ein St\u00fcrmer. Doch um das zu stemmen, sind zun\u00e4chst Abg\u00e4nge n\u00f6tig \u2013 wie von Pape Meissa Ba (28), der vor dem Wechsel zu den Queens Park Rangers steht. <\/p>\n<p>Auch f\u00fcr den Muslic-Fu\u00dfball braucht\u2019s mehr Qualit\u00e4t, aber aktuell fehlt die Shopping-Kohle. Armes Schalke! <\/p>\n<p>Wegen Tod seines fr\u00fcheren Trainers: Arnautovic weint auf Pressekonferenz<a href=\"https:\/\/www.bild.de\/sport\/fussball\/wegen-tod-seines-frueheren-trainers-arnautovic-weint-auf-pressekonferenz-688639110e680a76f4e9729f\" class=\"anchor\" target=\"_blank\" rel=\"noopener\"><img decoding=\"async\" width=\"992\" height=\"558\" alt=\"Teaser-Bild\" src=\"https:\/\/www.europesays.com\/de\/wp-content\/uploads\/2025\/07\/fb53a8f0078d2100e8d82a6965e2d217,34452863\"   class=\"landscape teaser__image\" loading=\"lazy\"\/><\/a><\/p>\n<p>Quelle: BILD \/ YouTube: Crvena zvezda \/ TikTok @crvenazvezdafk27.07.2025<\/p>\n","protected":false},"excerpt":{"rendered":"Diese Pleite macht Schalke Sorgen! Beim 2:4 im H\u00e4rtetest gegen den FC Sevilla lieferte die Truppe von Trainer&hellip;\n","protected":false},"author":2,"featured_media":298806,"comment_status":"","ping_status":"","sticky":false,"template":"","format":"standard","meta":{"footnotes":""},"categories":[5],"tags":[331,332,46551,3364,29,18391,347,3658,30,13,86590,14,15,3856,87004,12,265,819,45,4757,784],"class_list":{"0":"post-298805","1":"post","2":"type-post","3":"status-publish","4":"format-standard","5":"has-post-thumbnail","7":"category-nachrichten","8":"tag-aktuelle-nachrichten","9":"tag-aktuelle-news","10":"tag-baumann-frank","11":"tag-de","12":"tag-deutschland","13":"tag-fc-schalke","14":"tag-fussball","15":"tag-gelsenkirchen","16":"tag-germany","17":"tag-headlines","18":"tag-karius-loris","19":"tag-nachrichten","20":"tag-news","21":"tag-ruhrgebiet","22":"tag-ruhrgebiet-regional-sport","23":"tag-schlagzeilen","24":"tag-sport","25":"tag-sport-leuchtturm-essen","26":"tag-texttospeech","27":"tag-veltins-arena","28":"tag-zweite-bundesliga"},"share_on_mastodon":{"url":"https:\/\/pubeurope.com\/@de\/114927084788580507","error":""},"_links":{"self":[{"href":"https:\/\/www.europesays.com\/de\/wp-json\/wp\/v2\/posts\/298805","targetHints":{"allow":["GET"]}}],"collection":[{"href":"https:\/\/www.europesays.com\/de\/wp-json\/wp\/v2\/posts"}],"about":[{"href":"https:\/\/www.europesays.com\/de\/wp-json\/wp\/v2\/types\/post"}],"author":[{"embeddable":true,"href":"https:\/\/www.europesays.com\/de\/wp-json\/wp\/v2\/users\/2"}],"replies":[{"embeddable":true,"href":"https:\/\/www.europesays.com\/de\/wp-json\/wp\/v2\/comments?post=298805"}],"version-history":[{"count":0,"href":"https:\/\/www.europesays.com\/de\/wp-json\/wp\/v2\/posts\/298805\/revisions"}],"wp:featuredmedia":[{"embeddable":true,"href":"https:\/\/www.europesays.com\/de\/wp-json\/wp\/v2\/media\/298806"}],"wp:attachment":[{"href":"https:\/\/www.europesays.com\/de\/wp-json\/wp\/v2\/media?parent=298805"}],"wp:term":[{"taxonomy":"category","embeddable":true,"href":"https:\/\/www.europesays.com\/de\/wp-json\/wp\/v2\/categories?post=298805"},{"taxonomy":"post_tag","embeddable":true,"href":"https:\/\/www.europesays.com\/de\/wp-json\/wp\/v2\/tags?post=298805"}],"curies":[{"name":"wp","href":"https:\/\/api.w.org\/{rel}","templated":true}]}}