{"id":298842,"date":"2025-07-27T20:48:24","date_gmt":"2025-07-27T20:48:24","guid":{"rendered":"https:\/\/www.europesays.com\/de\/298842\/"},"modified":"2025-07-27T20:48:24","modified_gmt":"2025-07-27T20:48:24","slug":"1-fc-kleve-gewinnt-test-bei-turu-duesseldorf-mit-20","status":"publish","type":"post","link":"https:\/\/www.europesays.com\/de\/298842\/","title":{"rendered":"1. FC Kleve gewinnt Test bei TuRU D\u00fcsseldorf mit 2:0"},"content":{"rendered":"<p class=\"text_ohne_einzug richtext text-em-55 !leading-serif mx-6 desktop:mx-0\"> Der 1. FC <a href=\"https:\/\/rp-online.de\/thema\/kleve\/\" rel=\"nofollow noopener\" target=\"_blank\">Kleve<\/a> bleibt w\u00e4hrend der Vorbereitung auf die in drei Wochen beginnende Saison in der Fu\u00dfball-Oberliga ungeschlagen. Der Mannschaft gelang am Samstag ein 2:0 (1:0)-Erfolg im Test beim Landesligisten TuRU D\u00fcsseldorf. Co-Trainer Lars van Rens, der Coach Umut Akpinar (Urlaub) erneut vertrat, war zufrieden mit der Mannschaft. \u201eDie Leistung war in Ordnung\u201c, sagte er. Nermin Badnjevic (36.), der einen Freisto\u00df von der Strafraumgrenze aus sehenswert verwandelte, und Juliano Ismanovski (49.) erzielten die Treffer.<\/p>\n","protected":false},"excerpt":{"rendered":"Der 1. FC Kleve bleibt w\u00e4hrend der Vorbereitung auf die in drei Wochen beginnende Saison in der Fu\u00dfball-Oberliga&hellip;\n","protected":false},"author":2,"featured_media":298843,"comment_status":"","ping_status":"","sticky":false,"template":"","format":"standard","meta":{"footnotes":""},"categories":[1831],"tags":[3364,29,3405,30,7738,87017,24054,21755,1209,26426,87016,19862,68097,63092,21929],"class_list":{"0":"post-298842","1":"post","2":"type-post","3":"status-publish","4":"format-standard","5":"has-post-thumbnail","7":"category-duesseldorf","8":"tag-de","9":"tag-deutschland","10":"tag-duesseldorf","11":"tag-germany","12":"tag-kleve","13":"tag-landesligisten","14":"tag-nachricht","15":"tag-neuzugang","16":"tag-nordrhein-westfalen","17":"tag-schlechte","18":"tag-trainingswoche","19":"tag-turu","20":"tag-ungeschlagen","21":"tag-vierten","22":"tag-vorbereitung"},"share_on_mastodon":{"url":"https:\/\/pubeurope.com\/@de\/114927167417476864","error":""},"_links":{"self":[{"href":"https:\/\/www.europesays.com\/de\/wp-json\/wp\/v2\/posts\/298842","targetHints":{"allow":["GET"]}}],"collection":[{"href":"https:\/\/www.europesays.com\/de\/wp-json\/wp\/v2\/posts"}],"about":[{"href":"https:\/\/www.europesays.com\/de\/wp-json\/wp\/v2\/types\/post"}],"author":[{"embeddable":true,"href":"https:\/\/www.europesays.com\/de\/wp-json\/wp\/v2\/users\/2"}],"replies":[{"embeddable":true,"href":"https:\/\/www.europesays.com\/de\/wp-json\/wp\/v2\/comments?post=298842"}],"version-history":[{"count":0,"href":"https:\/\/www.europesays.com\/de\/wp-json\/wp\/v2\/posts\/298842\/revisions"}],"wp:featuredmedia":[{"embeddable":true,"href":"https:\/\/www.europesays.com\/de\/wp-json\/wp\/v2\/media\/298843"}],"wp:attachment":[{"href":"https:\/\/www.europesays.com\/de\/wp-json\/wp\/v2\/media?parent=298842"}],"wp:term":[{"taxonomy":"category","embeddable":true,"href":"https:\/\/www.europesays.com\/de\/wp-json\/wp\/v2\/categories?post=298842"},{"taxonomy":"post_tag","embeddable":true,"href":"https:\/\/www.europesays.com\/de\/wp-json\/wp\/v2\/tags?post=298842"}],"curies":[{"name":"wp","href":"https:\/\/api.w.org\/{rel}","templated":true}]}}