{"id":298999,"date":"2025-07-27T22:19:17","date_gmt":"2025-07-27T22:19:17","guid":{"rendered":"https:\/\/www.europesays.com\/de\/298999\/"},"modified":"2025-07-27T22:19:17","modified_gmt":"2025-07-27T22:19:17","slug":"hasan-ismaik-besucht-muenchen-und-trifft-praesidium","status":"publish","type":"post","link":"https:\/\/www.europesays.com\/de\/298999\/","title":{"rendered":"Hasan Ismaik besucht M\u00fcnchen und trifft Pr\u00e4sidium"},"content":{"rendered":"<p>Der geplatzte Deal wirkt noch immer nach, die Ursachenforschung dauert nachwievor an. Hasan Ismaik macht nun N\u00e4gel mit K\u00f6pfen, hat einen Besuch in M\u00fcnchen angek\u00fcndigt und m\u00f6chte das neue Pr\u00e4sidium treffen.<\/p>\n<p><strong>Hasan Ismaik besucht M\u00fcnchen und trifft Pr\u00e4sidium<\/strong><\/p>\n<p>Der Mehrheitseigent\u00fcmer lie\u00df via Social Media verlauten, dass er bereits auf dem Weg in die bayerische Landeshauptstadt sei und gew\u00e4hrte Einblick in sein Programm der kommenden Tage.<\/p>\n<p>Liebe L\u00f6wen,<\/p>\n<p>ich bin auf dem Weg nach M\u00fcnchen \u2013 mit dem festen Vorsatz, zur Stabilisierung und Neuordnung bei unserem TSV 1860 M\u00fcnchen beizutragen. Nach dem geplatzten Verkauf meiner Anteile ist es mir ein pers\u00f6nliches Anliegen, das direkte Gespr\u00e4ch mit Gernot Mang und seinen Kollegen im Pr\u00e4sidium zu suchen.<\/p>\n<p>Die j\u00fcngsten \u00f6ffentlichen \u00c4u\u00dferungen von Herrn Mang machen mir Hoffnung: Er hat unmissverst\u00e4ndlich signalisiert, dass er strukturelle Ver\u00e4nderungen im Verein ansto\u00dfen m\u00f6chte \u2013 ein Vorhaben, das ich ausdr\u00fccklich begr\u00fc\u00dfe und unterst\u00fctzen werde, wenn es unserem Klub dient.<\/p>\n<p>Ich werde rund eine Woche in M\u00fcnchen bleiben und den Austausch mit weiteren Gremien des TSV 1860 suchen. Ebenso wichtig ist mir der offene Dialog mit Fans und Medienvertretern. Ich m\u00f6chte ihre Fragen beantworten und transparent \u00fcber die Hintergr\u00fcnde meiner Entscheidung informieren, den Anteilsverkauf zu stoppen. Sie alle haben die Entwicklungen der letzten Wochen mit gro\u00dfem Interesse, kritischer Aufmerksamkeit und Verantwortungsbewusstsein begleitet \u2013 das verdient Anerkennung.<\/p>\n<p>Die vergangenen Tage waren f\u00fcr den gesamten Verein \u2013 und auch f\u00fcr mich pers\u00f6nlich \u2013 \u00e4u\u00dferst belastend. Mein Ziel war es stets, den TSV 1860 in gute, verl\u00e4ssliche und seri\u00f6se H\u00e4nde zu \u00fcbergeben. Dass wir dabei in zentralen Punkten get\u00e4uscht wurden, trifft mich tief. Umso klarer ist mein Bekenntnis: Auch nach dem Scheitern des Deals bleibe ich den L\u00f6wen freundschaftlich und loyal verbunden.<\/p>\n<p>Gerade jetzt brauchen wir Zusammenhalt, gegenseitiges Vertrauen und kollektive St\u00e4rke. Unser gemeinsamer Fokus muss auf der Mannschaft, dem Trainerteam und dem Management liegen \u2013 sie verdienen unsere uneingeschr\u00e4nkte Unterst\u00fctzung.<\/p>\n<p>Zeigen wir der Konkurrenz, dass wir wieder als Einheit auftreten \u2013 wie in den besten Zeiten unseres Klubs.<\/p>\n<p>Selbstverst\u00e4ndlich werde ich Sie offen und transparent \u00fcber die Entwicklungen meiner Reise informieren.<\/p>\n<p>Einmal L\u00f6we, immer L\u00f6we<\/p>\n<p>Hasan Ismaik<\/p>\n<p>Titelbild: Anne Wild<\/p>\n<p><img loading=\"lazy\" decoding=\"async\" class=\"no-lazy-load\" src=\"data:image\/svg+xml,%3Csvg%20xmlns=\" http:=\"\" alt=\"\" style=\"display:none\" width=\"1\" height=\"1\" data-lazy-src=\"https:\/\/www.europesays.com\/de\/wp-content\/uploads\/2025\/07\/8eada815fba74c88819e5ecb09fa229f.gif\"\/><\/p>\n<p>&#13;<br \/>\n                    0&#13;<br \/>\n                    0&#13;<br \/>\n                    votes<\/p>\n<p>Artikelbewertung<\/p>\n","protected":false},"excerpt":{"rendered":"Der geplatzte Deal wirkt noch immer nach, die Ursachenforschung dauert nachwievor an. Hasan Ismaik macht nun N\u00e4gel mit&hellip;\n","protected":false},"author":2,"featured_media":299000,"comment_status":"","ping_status":"","sticky":false,"template":"","format":"standard","meta":{"footnotes":""},"categories":[1827],"tags":[772,29,30,82375,32424,1268],"class_list":{"0":"post-298999","1":"post","2":"type-post","3":"status-publish","4":"format-standard","5":"has-post-thumbnail","7":"category-muenchen","8":"tag-bayern","9":"tag-deutschland","10":"tag-germany","11":"tag-ismaik","12":"tag-mu00fcnchen","13":"tag-muenchen"},"share_on_mastodon":{"url":"https:\/\/pubeurope.com\/@de\/114927525096007785","error":""},"_links":{"self":[{"href":"https:\/\/www.europesays.com\/de\/wp-json\/wp\/v2\/posts\/298999","targetHints":{"allow":["GET"]}}],"collection":[{"href":"https:\/\/www.europesays.com\/de\/wp-json\/wp\/v2\/posts"}],"about":[{"href":"https:\/\/www.europesays.com\/de\/wp-json\/wp\/v2\/types\/post"}],"author":[{"embeddable":true,"href":"https:\/\/www.europesays.com\/de\/wp-json\/wp\/v2\/users\/2"}],"replies":[{"embeddable":true,"href":"https:\/\/www.europesays.com\/de\/wp-json\/wp\/v2\/comments?post=298999"}],"version-history":[{"count":0,"href":"https:\/\/www.europesays.com\/de\/wp-json\/wp\/v2\/posts\/298999\/revisions"}],"wp:featuredmedia":[{"embeddable":true,"href":"https:\/\/www.europesays.com\/de\/wp-json\/wp\/v2\/media\/299000"}],"wp:attachment":[{"href":"https:\/\/www.europesays.com\/de\/wp-json\/wp\/v2\/media?parent=298999"}],"wp:term":[{"taxonomy":"category","embeddable":true,"href":"https:\/\/www.europesays.com\/de\/wp-json\/wp\/v2\/categories?post=298999"},{"taxonomy":"post_tag","embeddable":true,"href":"https:\/\/www.europesays.com\/de\/wp-json\/wp\/v2\/tags?post=298999"}],"curies":[{"name":"wp","href":"https:\/\/api.w.org\/{rel}","templated":true}]}}