{"id":300139,"date":"2025-07-28T09:51:11","date_gmt":"2025-07-28T09:51:11","guid":{"rendered":"https:\/\/www.europesays.com\/de\/300139\/"},"modified":"2025-07-28T09:51:11","modified_gmt":"2025-07-28T09:51:11","slug":"von-keeperin-berger-bis-stuermerin-gonzalez-die-sportschau-elf-der-em","status":"publish","type":"post","link":"https:\/\/www.europesays.com\/de\/300139\/","title":{"rendered":"Von Keeperin Berger bis St\u00fcrmerin Gonz\u00e1lez: Die Sportschau-Elf der EM"},"content":{"rendered":"<p class=\"metatextline\">Stand: 28.07.2025 10:14 Uhr<\/p>\n<p class=\"textabsatz columns twelve  m-ten  m-offset-one l-eight l-offset-two\">\n        <strong>Die EM hat viele Geschichten zwischen Triumphen und Tr\u00e4nen geliefert. Und etliche herausragende individuelle Leistungen. Dabei gl\u00e4nzten auch Spielerinnen von Teams, die vorzeitig scheiterten. Von Europameister England ist nur eine Spielerin dabei. Die Elf des Turniers von sportschau.de. <\/strong>\n    <\/p>\n<p>    Tor: Ann-Kathrin Berger (Deutschland)<\/p>\n<p class=\"textabsatz m-ten m-offset-one l-eight l-offset-two columns twelve\">\nAuch wenn die 34-J\u00e4hrige im <a href=\"https:\/\/www.sportschau.de\/fussball\/frauen-em\/em-traum-geplatzt-dfb-frauen-verlieren-dramatisch-gegen-spanien,uefafrauenem-spielbericht-ger-esp-100.html\" title=\"Spanien steht im EM-Finale: Deutschland scheitert in Verl\u00e4ngerung\" rel=\"nofollow noopener\" target=\"_blank\">Halbfinale gegen Spanien<\/a> zur tragischen Heldin wurde, als sie in der 113. Minute den Schuss von Aitana Bonmat\u00ed zum 0:1 ins kurze Eck gew\u00e4hren lie\u00df, spielte die Keeperin eine \u00fcberragende EM. Unvergessen bleiben die Heldentaten der Wahl-Amerikanerin im Elfmeterschie\u00dfen im <a href=\"https:\/\/www.sportschau.de\/fussball\/frauen-em\/berger-wird-zur-elfmeter-heldin-deutschland-im-halbfinale,uefafrauenem-spielbericht-fra-ger-100.html\" title=\"Frauen-EM: Deutschland besiegt Frankreich im Elfmeterschie\u00dfen\" rel=\"nofollow noopener\" target=\"_blank\">Viertelfinale gegen Frankreich<\/a>. Gegen die &#8222;Les Bleues&#8220; hatte Berger zudem auf spektakul\u00e4re Art- und Weise ein Eigentor von Sjoeke N\u00fcsken verhindert. Und auch im Duell mit Spanien vereitelte die Torh\u00fctern mehrach den R\u00fcckstand. Ihr 92-j\u00e4hriger Opa Herbert, der zum Halbfinale nach Z\u00fcrich gereist war, durfte stolz auf seine Enkelin sein. Und Fu\u00dfball-Deutschland auch.<\/p>\n<p>    Rechtsverteidigerin: Lucy Bronze (England)<\/p>\n<p class=\"textabsatz m-ten m-offset-one l-eight l-offset-two columns twelve\">\nAuch wenn die 138-malige Nationalspielerin nicht mehr ganz so zweikampfstark wie in fr\u00fcheren Zeiten ist &#8211; Bronze ist durch ihre Einsatzbereitschaft und ihren steten Offensivdrang noch immer unverzichtbar f\u00fcr die &#8222;Lionesses&#8220;. Aus welchem Holz die 33-J\u00e4hrige geschnitzt ist, zeigte sich im <a href=\"https:\/\/www.sportschau.de\/fussball\/frauen-em\/elfmeter-drama-england-schnappt-schweden-em-halbfinale-weg,uefafrauenem-spielbericht-swe-eng-100.html\" title=\"Elfmeter-Drama: England schnappt Schweden EM-Halbfinale weg\" rel=\"nofollow noopener\" target=\"_blank\">Viertelfinale gegen Schweden<\/a>. Trotz l\u00e4diertem Oberschenkel trat Bronze im Elfmeterschie\u00dfen an und verwandelte ihren Versuch mit all dem, was sie auszeichnet: \u00dcberzeugung, Kraft und Pr\u00e4zision.<\/p>\n<p class=\"textabsatz m-ten m-offset-one l-eight l-offset-two columns twelve\">\nHinzu kommt eine riesengro\u00dfe Portion Leidensf\u00e4higkeit. Denn wie die Defensiv-Spezialistin nach dem <a href=\"https:\/\/www.sportschau.de\/fussball\/frauen-em\/england-nach-elfmeter-drama-erneut-europameister,uefafrauenem-eng-esp-spielbericht-100.html\" title=\"Nach Elfer-Drama gegen Spanien: England erneut Europameister\" rel=\"nofollow noopener\" target=\"_blank\">Finale gegen Spanien<\/a> verriet, spielte sie die gesamte EM mit einem Schienbeinbruch durch. Geht nicht? Gibt&#8217;s nicht! Zumindest nicht bei Lucy Bronze!<\/p>\n<p>    Innenverteidigung: Elena Linari (Italien)<\/p>\n<p class=\"textabsatz m-ten m-offset-one l-eight l-offset-two columns twelve\">\nIm Abwehrzentrum war Linari in allen Spielen der &#8222;Azzurre&#8220; eine Bank und hatte gro\u00dfen Anteil am \u00fcberraschenden Einzug des Teams ins Halbfinale. Die 31-J\u00e4hrige bestach durch Zweikampf- und Kopfballst\u00e4rke sowie gutes Aufbauspiel.<\/p>\n<p>    Linksverteidigerin: Selma Bacha (Frankreich)<\/p>\n<p class=\"textabsatz m-ten m-offset-one l-eight l-offset-two columns twelve\">\nF\u00fcr die Position der Linksverteidigerin bewarben sich mehrere Spielerinnen durch gute Leistungen, darunter auch die junge Franziska Kett, die allerdings nur zweimal zum Einsatz kam. Bacha stand in allen vier franz\u00f6sischen Partien in der Startelf und \u00fcberzeugte dabei durch gutes Stellungsspiel und dynamische Vorst\u00f6\u00dfe.<\/p>\n<p>    Defensives Mittelfeld: Lia W\u00e4lti<\/p>\n<p class=\"textabsatz m-ten m-offset-one l-eight l-offset-two columns twelve\">\nDie Kapit\u00e4nin der EM-Gastgeberinnen ging angeschlagen in die Europameisterschaft, biss auf die Z\u00e4hne und zeigte dann in allen Partien \u00fcberragende Leistungen als eine Art Libera vor der Vierer-Abwehrkette. Die 32-J\u00e4hrige war eine Wellenbrecherin, die durch abgefangene gegnerische Angriffe viel Druck von der Verteidigung nahm.<\/p>\n<p>    Zentrales offensives Mittelfeld: Aitana Bonmati und Alexia Putellas (Spanien)<\/p>\n<p class=\"textabsatz m-ten m-offset-one l-eight l-offset-two columns twelve\">\nDie beiden &#8222;Weltfu\u00dfballerinnen&#8220; stellen auch in der Schweiz eindrucksvoll unter Beweis, eine Klasse f\u00fcr sich zu sein. Besonders bemerkenswert waren die Auftritte von Bonmati, hinter deren Einsatz bei der EM ja lange ein gro\u00dfes Fragezeichen gestanden hatte, nachdem die 27-J\u00e4hrige kurz vor dem Turnierbeginn an einer Gehirnhautentz\u00fcndung erkrankt war.<\/p>\n<p class=\"absatzbild__info__text\">\n                        Aitana Bonmati gl\u00e4nzt nach \u00fcberstandener Hirnhautentz\u00fcndung bei der EM.\n                    <\/p>\n<p class=\"textabsatz m-ten m-offset-one l-eight l-offset-two columns twelve\">\nEigentlich m\u00fcsste auch noch <a href=\"https:\/\/www.sportschau.de\/fussball\/frauen-em\/uefa-frauen-em,uefafrauenem-patri-spaniens-heimlicher-star-100.html\" title=\"Patricia &quot;Patri&quot; Guijarro - Spaniens heimliche &quot;Dirigentin&quot; bei der Frauen-EM\" rel=\"nofollow noopener\" target=\"_blank\">Patricia Guijarro<\/a> in die Elf des Turniers r\u00fccken, die mit Bonmati und Putellas im Zentrum spielt. Ohne die wertvolle Zuarbeit der 27-J\u00e4hrigen h\u00e4tten die beiden Weltklasse-Spielerinnen wohl nicht so gl\u00e4nzen k\u00f6nnen.<\/p>\n<p>    Mittelfeld au\u00dfen: Jule Brand (Deutschland) und G\u00e9raldine Reuteler (Schweiz)<\/p>\n<p class=\"textabsatz m-ten m-offset-one l-eight l-offset-two columns twelve\">\nDass die ehemalige Wolfsburgerin eine hochveranlagte Fu\u00dfballerin ist, war bereits vor der EM lange bekannt. Zuweilen fehlte es der 22-J\u00e4hrigen in der Vergangenheit aber an Konstanz und Widerstandskraft. In der Schweiz legte sie nun diesbez\u00fcglich ihre Reifepr\u00fcfung ab. Brand machte nicht nur viel Druck nach vorne, sondern arbeitete auch vorbildlich nach hinten. Herausragend war dabei ihre Leistung gegen Frankreich, als sie nach der fr\u00fchen Roten Karte gegen Kathrin Hendrich viel Verantwortung \u00fcbernahm und viele Defensiv-Zweik\u00e4mpfe gewann.<\/p>\n<p class=\"textabsatz m-ten m-offset-one l-eight l-offset-two columns twelve\">\nMindestens denselben Wert wie Brand f\u00fcr das DFB-Team hatte Reuter f\u00fcr die Schweiz. Die Offensivfrau von Eintracht Frankfurt wurde nach den ersten drei Gruppenspielen der Eidgen\u00f6ssinnen von der UEFA jeweils zur &#8222;Spielerin des Spiels&#8220; gek\u00fcrt. Auch im <a href=\"https:\/\/www.sportschau.de\/fussball\/frauen-em\/spanien-schlaegt-die-schweiz-wunder-von-bern-bleibt-aus,uefafrauenem-spielbericht-esp-sui-100.html\" title=\"Spanien schl\u00e4gt die Schweiz: EM-Wunder von Bern bleibt aus \" rel=\"nofollow noopener\" target=\"_blank\">Viertelfinale gegen Spanien (0:2)<\/a> z\u00e4hlte die 26-J\u00e4hrige zu den auff\u00e4lligsten Schweizerinnen. Gegen die Weltmeisterinnen stand sie allerdings weitgehend allein auf weiter Flur, weil die Gastgeberinnen zu selten strukturiert nach vorne spielten.<\/p>\n<p>    Angriff: Cristiana Girelli (Italien) und Esther Gonz\u00e1lez (Spanien)<\/p>\n<p class=\"textabsatz m-ten m-offset-one l-eight l-offset-two columns twelve\">\nIm zarten Alter von 35 Jahren durfte Girelli lange vom Finaleinzug tr\u00e4umen. Bis eine Minute vor Ultimo f\u00fchrten die &#8222;Azzurre&#8220; im <a href=\"https:\/\/www.sportschau.de\/fussball\/frauen-em\/wieder-last-minute-england-steht-im-em-finale,uefafrauenem-spielbericht-eng-ita-100.html\" title=\"N\u00e4chstes EM-Drama: England schl\u00e4gt Italien und steht im Finale\" rel=\"nofollow noopener\" target=\"_blank\">Semifinale gegen England mit 1:0<\/a>, bevor sie noch den Ausgleich kassierten und sp\u00e4ter in der Verl\u00e4ngerung auch noch den Gegentreffer zum 1:2. Die Angreiferin vergoss anschlie\u00dfend bittere Tr\u00e4nen, darf aber voller Stolz auf die EM zur\u00fcckblicken. Denn mit drei Treffern, davon zwei im <a href=\"https:\/\/www.sportschau.de\/fussball\/frauen-em\/italien-schafft-sprung-ins-halbfinale,spielbericht-nor-ita-100.html\" title=\"Italien gelingt gegen Norwegen historischer Halbfinal-Einzug \" rel=\"nofollow noopener\" target=\"_blank\">Viertelfinale gegen Norwegen (2:1)<\/a> hatte sie gro\u00dfen Anteil am italienischen Sommerm\u00e4rchen.<\/p>\n<p class=\"absatzbild__info__text\">\n                        Cristiana Girelli schoss Italien mit einem Doppelpack gegen Norwegen ins Halbfinale.\n                    <\/p>\n<p class=\"textabsatz m-ten m-offset-one l-eight l-offset-two columns twelve\">\nEinen Doppelpack schn\u00fcrte auch Gonz\u00e1lez &#8211; und zwar gleich zum Auftakt bei der spanischen <a href=\"https:\/\/www.sportschau.de\/fussball\/frauen-em\/spanien-feiert-klaren-sieg-gegen-portugal,spielbericht-spa-por-100.html\" title=\"Frauen-EM: Spanien mit Traumstart gegen Portugal\" rel=\"nofollow noopener\" target=\"_blank\">5:0-Gala gegen Portugal<\/a>. Danach lie\u00df sie in den weiteren Gruppenspielen <a href=\"https:\/\/www.sportschau.de\/fussball\/frauen-em\/spanien-dreht-maechtig-auf-belgien-ohne-chance,spielbericht-esp-bel-100.html\" title=\"Frauen-EM: Spanien dreht gegen Belgien sp\u00e4t auf und gewinnt deutlich\" rel=\"nofollow noopener\" target=\"_blank\">gegen Belgien (6:2)<\/a> und <a href=\"https:\/\/www.sportschau.de\/fussball\/frauen-em\/spanien-gewinnt-aber-auch-italien-jubelt,spielbericht-ita-esp-100.html\" title=\"Frauen-EM: Spanien gewinnt gegen Italien, beide im Viertelfinale\" rel=\"nofollow noopener\" target=\"_blank\">Italien (3:1)<\/a> jeweils einen weiteren Treffer folgen. In den K.o.-Spielen ging die 32-J\u00e4hrige zwar bis dato leer aus. Doch als Ankerspielerin im Sturmzentrum hat die Teamkameradin von Berger beim Gotham FC einen enormen Wert f\u00fcr die Ibererinnen. Und nebenbei: Mit vier Treffern holte sie sich den Titel als EM-Torsch\u00fctzenk\u00f6nigin.<\/p>\n<p>    Die Sportschau-Elf des Turniers<\/p>\n","protected":false},"excerpt":{"rendered":"Stand: 28.07.2025 10:14 Uhr Die EM hat viele Geschichten zwischen Triumphen und Tr\u00e4nen geliefert. Und etliche herausragende individuelle&hellip;\n","protected":false},"author":2,"featured_media":300140,"comment_status":"","ping_status":"","sticky":false,"template":"","format":"standard","meta":{"footnotes":""},"categories":[136],"tags":[29,54056,3058,156,59934,347,30,355,293,4026,265],"class_list":{"0":"post-300139","1":"post","2":"type-post","3":"status-publish","4":"format-standard","5":"has-post-thumbnail","7":"category-sport","8":"tag-deutschland","9":"tag-dfb-frauen","10":"tag-england","11":"tag-frankreich","12":"tag-frauen-em","13":"tag-fussball","14":"tag-germany","15":"tag-italien","16":"tag-schweiz","17":"tag-spanien","18":"tag-sport"},"share_on_mastodon":{"url":"https:\/\/pubeurope.com\/@de\/114930246286679274","error":""},"_links":{"self":[{"href":"https:\/\/www.europesays.com\/de\/wp-json\/wp\/v2\/posts\/300139","targetHints":{"allow":["GET"]}}],"collection":[{"href":"https:\/\/www.europesays.com\/de\/wp-json\/wp\/v2\/posts"}],"about":[{"href":"https:\/\/www.europesays.com\/de\/wp-json\/wp\/v2\/types\/post"}],"author":[{"embeddable":true,"href":"https:\/\/www.europesays.com\/de\/wp-json\/wp\/v2\/users\/2"}],"replies":[{"embeddable":true,"href":"https:\/\/www.europesays.com\/de\/wp-json\/wp\/v2\/comments?post=300139"}],"version-history":[{"count":0,"href":"https:\/\/www.europesays.com\/de\/wp-json\/wp\/v2\/posts\/300139\/revisions"}],"wp:featuredmedia":[{"embeddable":true,"href":"https:\/\/www.europesays.com\/de\/wp-json\/wp\/v2\/media\/300140"}],"wp:attachment":[{"href":"https:\/\/www.europesays.com\/de\/wp-json\/wp\/v2\/media?parent=300139"}],"wp:term":[{"taxonomy":"category","embeddable":true,"href":"https:\/\/www.europesays.com\/de\/wp-json\/wp\/v2\/categories?post=300139"},{"taxonomy":"post_tag","embeddable":true,"href":"https:\/\/www.europesays.com\/de\/wp-json\/wp\/v2\/tags?post=300139"}],"curies":[{"name":"wp","href":"https:\/\/api.w.org\/{rel}","templated":true}]}}