{"id":300148,"date":"2025-07-28T09:56:10","date_gmt":"2025-07-28T09:56:10","guid":{"rendered":"https:\/\/www.europesays.com\/de\/300148\/"},"modified":"2025-07-28T09:56:10","modified_gmt":"2025-07-28T09:56:10","slug":"syrien-afghanistan-irak-dobrindt-stoppt-berliner-sonderregel-fuer-migranten","status":"publish","type":"post","link":"https:\/\/www.europesays.com\/de\/300148\/","title":{"rendered":"Syrien, Afghanistan, Irak: Dobrindt stoppt Berliner Sonderregel f\u00fcr Migranten"},"content":{"rendered":"<p>Syrer, Afghanen und Iraker k\u00f6nnen bislang Verwandte nach Berlin holen, wenn sie in Berlin gemeldet sind und die Kosten \u00fcbernehmen. Doch diese Berliner Regelung stoppt nun Bundesinnenminister Dobrindt.<\/p>\n<p class=\"is-first-paragraph\" data-external=\"Article.FirstParagraph\">Bundesinnenminister Alexander Dobrindt (CSU) greift in die Berliner Fl\u00fcchtlingspolitik ein und stoppt ein Landesaufnahmeprogramm f\u00fcr Syrer, Afghanen und Iraker. Sie konnten zuvor, wenn sie die Kosten selbst \u00fcbernahmen, Verwandte nach Deutschland holen. <\/p>\n<p>In einem Schreiben an den Berliner Finanzsenator Stefan Evers (45, CDU) stellt Dobrindt laut \u201e<a class=\"is-link c-block-items__link c-link--rich-text-renderer\" href=\"https:\/\/www.bz-berlin.de\/berlin\/dobrindt-beendet-fluechtlinge-regelung\" data-internal-tracking-enabled=\"true\" data-internal-tracking=\"{&quot;action&quot;:&quot;click&quot;,&quot;label&quot;:&quot;link&quot;,&quot;name&quot;:&quot;Inline Element&quot;,&quot;data&quot;:{&quot;source&quot;:&quot;&quot;,&quot;target&quot;:&quot;https:\/\/www.bz-berlin.de\/berlin\/dobrindt-beendet-fluechtlinge-regelung&quot;,&quot;trackingName&quot;:&quot;&quot;,&quot;trackingLabel&quot;:&quot;&quot;}}\" rel=\"nofollow noopener\" target=\"_blank\">B.Z<\/a>.\u201c nun klar: \u201eDas Bundesministerium des Innern wird kein Einvernehmen f\u00fcr neue oder f\u00fcr eine Verl\u00e4ngerung bestehender Landesaufnahmeprogramme erteilen.\u201c<\/p>\n<p>Mit dem Machtwort aus dem Bund ist die Sonderregelung f\u00fcr Menschen mit Verwandten in Berlin, die bislang eine Einreise auf privatem Weg erm\u00f6glicht hatte, praktisch beendet. Diese mussten sich verpflichten, Kosten f\u00fcr die Kranken- und Pflegeversicherung der Einreisenden zu \u00fcbernehmen. <\/p>\n<p>Finanzsenator Evers informierte umgehend Innensenatorin Iris Spranger (SPD) \u00fcber den Kurswechsel. Er verweist auf erhebliche Bedenken: \u201eEs ist notwendig, die f\u00fcr den Bereich Flucht anfallenden Kosten auf das notwendige Minimum zu begrenzen.\u201c<\/p>\n<p>Programm wurde unter Rot-Gr\u00fcn eingef\u00fchrt<\/p>\n<p>Die Pflicht der Angeh\u00f6rigen zur Kosten\u00fcbernahme reiche nicht aus, betont Evers: \u201eAuch die \u00dcbernahme der Versicherungsbeitr\u00e4ge durch die Verwandten sei keine ausreichende Vorsorge gegen zus\u00e4tzliche Kosten des Landes Berlin.\u201c Zudem fehle eine verl\u00e4ssliche Datengrundlage, wie stark der Berliner Haushalt belastet wird.  Denn: Nach f\u00fcnf Jahren l\u00e4uft die Kosten\u00fcbernahme aus \u2013 dann springt der Steuerzahler ein.<\/p>\n<p>Klartext auch in Richtung Senat: \u201eUnabh\u00e4ngig von den haushaltsbezogenen Bedenken meines Hauses kann eine Verl\u00e4ngerung von Landesaufnahmeanordnungen nur im Einvernehmen mit dem Bundesministerium des Innern erfolgen\u201c, so Evers. Das sei nach Dobrindts Brief nun ausgeschlossen.<\/p>\n<p>Das Programm, eingef\u00fchrt unter Rot-Gr\u00fcn-Rot, hatte seit 2018 mehr als 4000 Menschen die Einreise nach Berlin erm\u00f6glicht. Die SPD hatte sich auf ihrem Landesparteitag f\u00fcr eine Fortsetzung ausgesprochen, auch Linke und Gr\u00fcne forderten diese regelm\u00e4\u00dfig. <\/p>\n<p>coh<\/p>\n","protected":false},"excerpt":{"rendered":"Syrer, Afghanen und Iraker k\u00f6nnen bislang Verwandte nach Berlin holen, wenn sie in Berlin gemeldet sind und die&hellip;\n","protected":false},"author":2,"featured_media":300149,"comment_status":"","ping_status":"","sticky":false,"template":"","format":"standard","meta":{"footnotes":""},"categories":[2],"tags":[7285,15323,296,29,35348,87313,30,13,14,15,110,12,10,8,9,11],"class_list":{"0":"post-300148","1":"post","2":"type-post","3":"status-publish","4":"format-standard","5":"has-post-thumbnail","7":"category-deutschland","8":"tag-alexander","9":"tag-balken-inbox","10":"tag-berlin","11":"tag-deutschland","12":"tag-dobrindt","13":"tag-fluechtlingshilfe-ks","14":"tag-germany","15":"tag-headlines","16":"tag-nachrichten","17":"tag-news","18":"tag-newsteam","19":"tag-schlagzeilen","20":"tag-top-news","21":"tag-top-meldungen","22":"tag-topmeldungen","23":"tag-topnews"},"share_on_mastodon":{"url":"https:\/\/pubeurope.com\/@de\/114930265981657714","error":""},"_links":{"self":[{"href":"https:\/\/www.europesays.com\/de\/wp-json\/wp\/v2\/posts\/300148","targetHints":{"allow":["GET"]}}],"collection":[{"href":"https:\/\/www.europesays.com\/de\/wp-json\/wp\/v2\/posts"}],"about":[{"href":"https:\/\/www.europesays.com\/de\/wp-json\/wp\/v2\/types\/post"}],"author":[{"embeddable":true,"href":"https:\/\/www.europesays.com\/de\/wp-json\/wp\/v2\/users\/2"}],"replies":[{"embeddable":true,"href":"https:\/\/www.europesays.com\/de\/wp-json\/wp\/v2\/comments?post=300148"}],"version-history":[{"count":0,"href":"https:\/\/www.europesays.com\/de\/wp-json\/wp\/v2\/posts\/300148\/revisions"}],"wp:featuredmedia":[{"embeddable":true,"href":"https:\/\/www.europesays.com\/de\/wp-json\/wp\/v2\/media\/300149"}],"wp:attachment":[{"href":"https:\/\/www.europesays.com\/de\/wp-json\/wp\/v2\/media?parent=300148"}],"wp:term":[{"taxonomy":"category","embeddable":true,"href":"https:\/\/www.europesays.com\/de\/wp-json\/wp\/v2\/categories?post=300148"},{"taxonomy":"post_tag","embeddable":true,"href":"https:\/\/www.europesays.com\/de\/wp-json\/wp\/v2\/tags?post=300148"}],"curies":[{"name":"wp","href":"https:\/\/api.w.org\/{rel}","templated":true}]}}