{"id":300163,"date":"2025-07-28T10:04:13","date_gmt":"2025-07-28T10:04:13","guid":{"rendered":"https:\/\/www.europesays.com\/de\/300163\/"},"modified":"2025-07-28T10:04:13","modified_gmt":"2025-07-28T10:04:13","slug":"vom-alten-dorf-westerholt-bis-zur-halde-hoheward","status":"publish","type":"post","link":"https:\/\/www.europesays.com\/de\/300163\/","title":{"rendered":"Vom Alten Dorf Westerholt bis zur Halde Hoheward"},"content":{"rendered":"<p>\t\tHertens sch\u00f6nste Seiten<br \/>\n\t\t\t\t\tVom Alten Dorf Westerholt bis zur Halde Hoheward <\/p>\n<p>\t\t<img alt=\"\" src=\"https:\/\/www.europesays.com\/de\/wp-content\/uploads\/2025\/04\/630_0036_1215851_.jpg\"  class=\"avatar avatar-36 photo avatar-default\" height=\"36\" width=\"36\" loading=\"lazy\" decoding=\"async\"\/>\t\t<a class=\"article-author__name\" href=\"https:\/\/www.hertener-allgemeine.de\/author\/andre-przybyl\/\" rel=\"author noopener\" target=\"_blank\">Andr\u00e9 Przybyl<\/a><br \/>\n\t\tRedakteur<\/p>\n<p>    <a href=\"https:\/\/www.hertener-allgemeine.de\/wp-content\/uploads\/2025\/07\/23\/12\/630_0900_4894454_HAL_Herten_Sehenswuerdigkeiten_Aufmache-1648x824.jpg\" target=\"_blank\" rel=\"noopener\"><\/p>\n<p>            <img loading=\"lazy\" decoding=\"async\" src=\"https:\/\/www.europesays.com\/de\/wp-content\/uploads\/2025\/07\/630_0900_4894453_HAL_Herten_Sehenswuerdigkeiten_Aufmache-640x428.jpg\" width=\"640\" height=\"428\"  alt=\"Das viergeteilte Bild zeigt die Halde Hoheward mit ihrem Horizontobservatorium, das Schloss und das Altes Dorf Westerholt aus der Luft, das Spargeldorf Scherlebeck und das Wasserschloss Herten.\"\/><\/p>\n<p>    <\/a><br \/>\n    Vier Sehensw\u00fcrdigkeiten in Herten: (v. oben rechts im Uhrzeigersinn) die Halde Hoheward mit ihrem Horizontobservatorium, Schloss und Altes Dorf Westerholt, das Spargeldorf Scherlebeck und das Wasserschloss Herten. \u00a9 Andr\u00e9 Przybyl \/J\u00f6rg Gutzeit<\/p>\n<p class=\"article__teaser-text\">Einen Ausflug aufs Land, eine Zeitreise ins 16. Jahrhundert und eine neue Ausgehmeile \u2013 all das hat Herten zu bieten.<\/p>\n<p>3 Min Lesezeit<\/p>\n","protected":false},"excerpt":{"rendered":"Hertens sch\u00f6nste Seiten Vom Alten Dorf Westerholt bis zur Halde Hoheward Andr\u00e9 Przybyl Redakteur Vier Sehensw\u00fcrdigkeiten in Herten:&hellip;\n","protected":false},"author":2,"featured_media":300164,"comment_status":"","ping_status":"","sticky":false,"template":"","format":"standard","meta":{"footnotes":""},"categories":[1848],"tags":[3364,29,548,663,3934,2507,3658,30,35237,13,14,15,1209,12],"class_list":{"0":"post-300163","1":"post","2":"type-post","3":"status-publish","4":"format-standard","5":"has-post-thumbnail","7":"category-gelsenkirchen","8":"tag-de","9":"tag-deutschland","10":"tag-eu","11":"tag-europa","12":"tag-europe","13":"tag-freizeit","14":"tag-gelsenkirchen","15":"tag-germany","16":"tag-halde-hoheward","17":"tag-headlines","18":"tag-nachrichten","19":"tag-news","20":"tag-nordrhein-westfalen","21":"tag-schlagzeilen"},"share_on_mastodon":{"url":"https:\/\/pubeurope.com\/@de\/114930297585313394","error":""},"_links":{"self":[{"href":"https:\/\/www.europesays.com\/de\/wp-json\/wp\/v2\/posts\/300163","targetHints":{"allow":["GET"]}}],"collection":[{"href":"https:\/\/www.europesays.com\/de\/wp-json\/wp\/v2\/posts"}],"about":[{"href":"https:\/\/www.europesays.com\/de\/wp-json\/wp\/v2\/types\/post"}],"author":[{"embeddable":true,"href":"https:\/\/www.europesays.com\/de\/wp-json\/wp\/v2\/users\/2"}],"replies":[{"embeddable":true,"href":"https:\/\/www.europesays.com\/de\/wp-json\/wp\/v2\/comments?post=300163"}],"version-history":[{"count":0,"href":"https:\/\/www.europesays.com\/de\/wp-json\/wp\/v2\/posts\/300163\/revisions"}],"wp:featuredmedia":[{"embeddable":true,"href":"https:\/\/www.europesays.com\/de\/wp-json\/wp\/v2\/media\/300164"}],"wp:attachment":[{"href":"https:\/\/www.europesays.com\/de\/wp-json\/wp\/v2\/media?parent=300163"}],"wp:term":[{"taxonomy":"category","embeddable":true,"href":"https:\/\/www.europesays.com\/de\/wp-json\/wp\/v2\/categories?post=300163"},{"taxonomy":"post_tag","embeddable":true,"href":"https:\/\/www.europesays.com\/de\/wp-json\/wp\/v2\/tags?post=300163"}],"curies":[{"name":"wp","href":"https:\/\/api.w.org\/{rel}","templated":true}]}}