{"id":300171,"date":"2025-07-28T10:08:11","date_gmt":"2025-07-28T10:08:11","guid":{"rendered":"https:\/\/www.europesays.com\/de\/300171\/"},"modified":"2025-07-28T10:08:11","modified_gmt":"2025-07-28T10:08:11","slug":"gartenbauamt-foerdert-private-entsiegelung-und-begruenung","status":"publish","type":"post","link":"https:\/\/www.europesays.com\/de\/300171\/","title":{"rendered":"Gartenbauamt f\u00f6rdert private Entsiegelung und Begr\u00fcnung"},"content":{"rendered":"<p class=\"FlietextFrutiger45forKarlsruhe\">Sommerzeit ist Gartenzeit.\u00a0Auch private D\u00e4cher, Fassaden und Hinterh\u00f6fe k\u00f6nnen begr\u00fcnt werden. Begr\u00fcnte Fl\u00e4chen helfen aktiv bei der Anpassung an den Klimawandel: Sie k\u00fchlen Geb\u00e4ude, verbessern die Luftqualit\u00e4t, binden Feinstaub, speichern Regenwasser und bieten Lebensr\u00e4ume f\u00fcr Kleinstlebewesen. Kurz: Sie machen das Klima in der Stadt nachhaltig besser \u2013 an hei\u00dfen wie an nassen Sommertagen.<\/p>\n<p class=\"FlietextFrutiger45forKarlsruhe\">Mit dem <strong>F\u00f6rderprogramm \u201eHof-, Dach- und Fassadenbegr\u00fcnung\u201c<\/strong> unterst\u00fctzt die Stadt Karlsruhe das <strong>Engagement von B\u00fcrgerinnen und B\u00fcrgern<\/strong>, private Innenh\u00f6fe, D\u00e4cher und Fassaden zu begr\u00fcnen. Gef\u00f6rdert werden unter anderem die Entsiegelung von Freifl\u00e4chen mit anschlie\u00dfender Bepflanzung, der Umbau von Schotterg\u00e4rten in bl\u00fchende G\u00e4rten sowie die Begr\u00fcnung von Fassaden und D\u00e4chern.<\/p>\n<p class=\"FlietextFrutiger45forKarlsruhe\">Neben einer kostenlosen Beratung durch das Gartenbauamt stellt die Stadt Karlsruhe eine finanzielle F\u00f6rderung von maximal 5.000 Euro je Vorhaben zur Verf\u00fcgung. F\u00f6rderrichts\u00e4tze k\u00f6nnen der F\u00f6rderrichtlinie entnommen werden.<\/p>\n","protected":false},"excerpt":{"rendered":"Sommerzeit ist Gartenzeit.\u00a0Auch private D\u00e4cher, Fassaden und Hinterh\u00f6fe k\u00f6nnen begr\u00fcnt werden. Begr\u00fcnte Fl\u00e4chen helfen aktiv bei der Anpassung&hellip;\n","protected":false},"author":2,"featured_media":300172,"comment_status":"","ping_status":"","sticky":false,"template":"","format":"standard","meta":{"footnotes":""},"categories":[1844],"tags":[1634,3364,29,30,8903],"class_list":{"0":"post-300171","1":"post","2":"type-post","3":"status-publish","4":"format-standard","5":"has-post-thumbnail","7":"category-karlsruhe","8":"tag-baden-wuerttemberg","9":"tag-de","10":"tag-deutschland","11":"tag-germany","12":"tag-karlsruhe"},"share_on_mastodon":{"url":"https:\/\/pubeurope.com\/@de\/114930313272173736","error":""},"_links":{"self":[{"href":"https:\/\/www.europesays.com\/de\/wp-json\/wp\/v2\/posts\/300171","targetHints":{"allow":["GET"]}}],"collection":[{"href":"https:\/\/www.europesays.com\/de\/wp-json\/wp\/v2\/posts"}],"about":[{"href":"https:\/\/www.europesays.com\/de\/wp-json\/wp\/v2\/types\/post"}],"author":[{"embeddable":true,"href":"https:\/\/www.europesays.com\/de\/wp-json\/wp\/v2\/users\/2"}],"replies":[{"embeddable":true,"href":"https:\/\/www.europesays.com\/de\/wp-json\/wp\/v2\/comments?post=300171"}],"version-history":[{"count":0,"href":"https:\/\/www.europesays.com\/de\/wp-json\/wp\/v2\/posts\/300171\/revisions"}],"wp:featuredmedia":[{"embeddable":true,"href":"https:\/\/www.europesays.com\/de\/wp-json\/wp\/v2\/media\/300172"}],"wp:attachment":[{"href":"https:\/\/www.europesays.com\/de\/wp-json\/wp\/v2\/media?parent=300171"}],"wp:term":[{"taxonomy":"category","embeddable":true,"href":"https:\/\/www.europesays.com\/de\/wp-json\/wp\/v2\/categories?post=300171"},{"taxonomy":"post_tag","embeddable":true,"href":"https:\/\/www.europesays.com\/de\/wp-json\/wp\/v2\/tags?post=300171"}],"curies":[{"name":"wp","href":"https:\/\/api.w.org\/{rel}","templated":true}]}}