{"id":300194,"date":"2025-07-28T10:20:12","date_gmt":"2025-07-28T10:20:12","guid":{"rendered":"https:\/\/www.europesays.com\/de\/300194\/"},"modified":"2025-07-28T10:20:12","modified_gmt":"2025-07-28T10:20:12","slug":"zollstreit-frankreich-kritisiert-einigung-mit-den-usa-als-unterwerfung-der-eu","status":"publish","type":"post","link":"https:\/\/www.europesays.com\/de\/300194\/","title":{"rendered":"Zollstreit: Frankreich kritisiert Einigung mit den USA als &#8222;Unterwerfung&#8220; der EU"},"content":{"rendered":"<p>\n                        Die Zoll-Einigung zwischen der EU und den USA st\u00f6\u00dft in Frankreich auf deutliche Kritik. Premierminister Fran\u00e7ois Bayrou spricht von einem &#8222;schwarzen Tag&#8220; f\u00fcr Europa.\n                    <\/p>\n<p>                Schlie\u00dfen<br \/>\n                Artikelzusammenfassung<\/p>\n<p>Der franz\u00f6sische Premierminister Fran\u00e7ois Bayrou kritisiert die EU-US-Einigung im Zollstreit scharf als &#8222;schwarzen Tag&#8220; f\u00fcr Europa. Trotz geringerer Z\u00f6lle als bef\u00fcrchtet, spricht er von &#8222;Unterwerfung&#8220; der EU. Trump und von der Leyen einigen sich auf 15 Prozent US-Z\u00f6lle f\u00fcr EU-Produkte, weniger als Trumps Drohung, aber mehr als zuvor. Die Entwicklung wird weiter beobachtet und aktualisiert.<\/p>\n<p>                Dies ist ein experimentelles Tool. Die Resultate k\u00f6nnen unvollst\u00e4ndig, veraltet oder sogar falsch sein.<\/p>\n<p class=\"summy__feedback-paragraph\">Fanden Sie die Zusammenfassung hilfreich? <\/p>\n<p>                        Gef\u00e4llt mir<\/p>\n<p>                        Gef\u00e4llt mir<\/p>\n<p>                        Gef\u00e4llt mir nicht<\/p>\n<p>                        Gef\u00e4llt mir nicht<\/p>\n<p>                        Send<\/p>\n<p>            <img decoding=\"async\" class=\"article__media-item\" src=\"https:\/\/www.europesays.com\/de\/wp-content\/uploads\/2025\/07\/1753698012_998_wide__1000x562.jpeg\" alt=\"Zollstreit: EU-Kommissionspr\u00e4sidentin Ursula von der Leyen spricht mit US-Pr\u00e4sident Donald Trump, nachdem sich auf einen Deal im Zollstreit geeinigt werden konnte.\"\/><\/p>\n<p>                    EU-Kommissionspr\u00e4sidentin Ursula von der Leyen spricht mit US-Pr\u00e4sident Donald Trump, nachdem sich auf einen Deal im Zollstreit geeinigt werden konnte.<br \/>\n            \u00a9\u00a0Evelyn Hockstein\/\u200bReuters<\/p>\n<p class=\"paragraph article__item\">Der franz\u00f6sische Premierminister Fran\u00e7ois Bayrou hat schwere Kritik an der Einigung der <a class=\"rtr-entity\" href=\"https:\/\/www.zeit.de\/thema\/europaeische-union\" target=\"_blank\" rel=\"noopener\">EU<\/a> mit den USA im Zollstreit ge\u00e4u\u00dfert. Er sprach von einem &#8222;schwarzen Tag&#8220; f\u00fcr Europa. Es sei traurig, dass die EU sich nun zur &#8222;Unterwerfung&#8220; entschlossen habe.\n<\/p>\n<p class=\"paragraph article__item\">US-Pr\u00e4sident Donald Trump und EU-Kommissionspr\u00e4sidentin Ursula von der Leyen hatten sich am Sonntagabend im Handelsstreit geeinigt. In Zukunft werden demnach 15 Prozent <a class=\"rtr-entity\" href=\"https:\/\/www.zeit.de\/thema\/us-zoelle\" target=\"_blank\" rel=\"noopener\">US-Z\u00f6lle<\/a> auf die meisten Produkte aus der EU f\u00e4llig. Das ist weniger als die von Trump angedrohten 30 Prozent, aber deutlich mehr als vor seiner Zolloffensive.\u00a0\n<\/p>\n<p class=\"paragraph article__item\">Dieser Artikel wird weiter aktualisiert.\u00a0<\/p>\n","protected":false},"excerpt":{"rendered":"Die Zoll-Einigung zwischen der EU und den USA st\u00f6\u00dft in Frankreich auf deutliche Kritik. Premierminister Fran\u00e7ois Bayrou spricht&hellip;\n","protected":false},"author":2,"featured_media":300195,"comment_status":"","ping_status":"","sticky":false,"template":"","format":"standard","meta":{"footnotes":""},"categories":[3977],"tags":[331,332,158,156,13,1229,14,15,16,12,4017,4018,4016,1492,64,4019,4020,3107],"class_list":{"0":"post-300194","1":"post","2":"type-post","3":"status-publish","4":"format-standard","5":"has-post-thumbnail","7":"category-usa","8":"tag-aktuelle-nachrichten","9":"tag-aktuelle-news","10":"tag-europaeische-union","11":"tag-frankreich","12":"tag-headlines","13":"tag-kritik","14":"tag-nachrichten","15":"tag-news","16":"tag-politik","17":"tag-schlagzeilen","18":"tag-united-states","19":"tag-united-states-of-america","20":"tag-us","21":"tag-us-zoelle","22":"tag-usa","23":"tag-vereinigte-staaten","24":"tag-vereinigte-staaten-von-amerika","25":"tag-zollstreit"},"share_on_mastodon":{"url":"https:\/\/pubeurope.com\/@de\/114930360375814017","error":""},"_links":{"self":[{"href":"https:\/\/www.europesays.com\/de\/wp-json\/wp\/v2\/posts\/300194","targetHints":{"allow":["GET"]}}],"collection":[{"href":"https:\/\/www.europesays.com\/de\/wp-json\/wp\/v2\/posts"}],"about":[{"href":"https:\/\/www.europesays.com\/de\/wp-json\/wp\/v2\/types\/post"}],"author":[{"embeddable":true,"href":"https:\/\/www.europesays.com\/de\/wp-json\/wp\/v2\/users\/2"}],"replies":[{"embeddable":true,"href":"https:\/\/www.europesays.com\/de\/wp-json\/wp\/v2\/comments?post=300194"}],"version-history":[{"count":0,"href":"https:\/\/www.europesays.com\/de\/wp-json\/wp\/v2\/posts\/300194\/revisions"}],"wp:featuredmedia":[{"embeddable":true,"href":"https:\/\/www.europesays.com\/de\/wp-json\/wp\/v2\/media\/300195"}],"wp:attachment":[{"href":"https:\/\/www.europesays.com\/de\/wp-json\/wp\/v2\/media?parent=300194"}],"wp:term":[{"taxonomy":"category","embeddable":true,"href":"https:\/\/www.europesays.com\/de\/wp-json\/wp\/v2\/categories?post=300194"},{"taxonomy":"post_tag","embeddable":true,"href":"https:\/\/www.europesays.com\/de\/wp-json\/wp\/v2\/tags?post=300194"}],"curies":[{"name":"wp","href":"https:\/\/api.w.org\/{rel}","templated":true}]}}