{"id":300257,"date":"2025-07-28T10:54:11","date_gmt":"2025-07-28T10:54:11","guid":{"rendered":"https:\/\/www.europesays.com\/de\/300257\/"},"modified":"2025-07-28T10:54:11","modified_gmt":"2025-07-28T10:54:11","slug":"muenchen-warum-die-destillerie-the-duke-fuer-ihren-alkoholfreien-gin-pfand-verlangen-soll-muenchen","status":"publish","type":"post","link":"https:\/\/www.europesays.com\/de\/300257\/","title":{"rendered":"M\u00fcnchen: Warum die Destillerie &#8222;The Duke&#8220; f\u00fcr ihren alkoholfreien Gin Pfand verlangen soll &#8211; M\u00fcnchen"},"content":{"rendered":"<p data-manual=\"teaserText\" data-schema-org-speakable=\"true\">Ein Abmahnverein hat \u201eThe Duke\u201c verklagt und damit daf\u00fcr gesorgt, dass die Flaschen pl\u00f6tzlich aus dem Handel verschwunden sind. M\u00f6glich machte das eine Gesetzesl\u00fccke, die vor allem f\u00fcr kleine H\u00e4ndler gef\u00e4hrlich werden kann.<\/p>\n<p data-manual=\"paragraph\" data-schema-org-speakable=\"true\" class=\"css-4bdi0k\">Geht man auf die Webseite der Gin-Destillerie \u201eThe Duke\u201c, springt einem ein Fenster mit gro\u00dfen Buchstaben ins Auge. \u201eOh my Pfand! Wir wurden verklagt\u201c, steht dort. Das Unternehmen mit Sitz in <a href=\"https:\/\/www.sueddeutsche.de\/thema\/Aschheim\" target=\"_blank\" rel=\"noopener\">Aschheim<\/a> bei <a href=\"https:\/\/www.sueddeutsche.de\/thema\/M%C3%BCnchen\" target=\"_blank\" rel=\"noopener\">M\u00fcnchen<\/a> hatte Post von einem Abmahnverein namens \u201eVerband Sozialer Wettbewerb\u201c (VSW) bekommen. Der warf der M\u00fcnchner Destillerie vor, gegen das deutsche Pfandgesetz versto\u00dfen zu haben, und klagte \u2013 in zweiter Instanz mit Erfolg. M\u00f6glich macht das eine Gesetzesl\u00fccke, die der gesamten Branche zu schaffen macht, vor allem aber kleinen Herstellern wie \u201eThe Duke\u201c. Der wirtschaftliche Schaden f\u00fcr den Betrieb ist erheblich. \u201eWas uns passiert, ist ernst, so etwas kann existenziell bedrohlich werden\u201c, sagt Maximilian von P\u00fcckler, Gr\u00fcnder und Gesch\u00e4ftsf\u00fchrer von \u201eThe Duke\u201c.<\/p>\n","protected":false},"excerpt":{"rendered":"Ein Abmahnverein hat \u201eThe Duke\u201c verklagt und damit daf\u00fcr gesorgt, dass die Flaschen pl\u00f6tzlich aus dem Handel verschwunden&hellip;\n","protected":false},"author":2,"featured_media":300258,"comment_status":"","ping_status":"","sticky":false,"template":"","format":"standard","meta":{"footnotes":""},"categories":[1827],"tags":[6789,11384,772,29,8504,8507,2634,30,2527,1268,18328,149,2635],"class_list":{"0":"post-300257","1":"post","2":"type-post","3":"status-publish","4":"format-standard","5":"has-post-thumbnail","7":"category-muenchen","8":"tag-alkohol","9":"tag-aschheim","10":"tag-bayern","11":"tag-deutschland","12":"tag-essen-und-trinken-in-muenchen","13":"tag-gastronews","14":"tag-gerichtsprozesse-in-muenchen","15":"tag-germany","16":"tag-landkreis-muenchen","17":"tag-muenchen","18":"tag-sucht-und-drogen","19":"tag-sueddeutsche-zeitung","20":"tag-wirtschaft-in-muenchen"},"share_on_mastodon":{"url":"https:\/\/pubeurope.com\/@de\/114930494448831294","error":""},"_links":{"self":[{"href":"https:\/\/www.europesays.com\/de\/wp-json\/wp\/v2\/posts\/300257","targetHints":{"allow":["GET"]}}],"collection":[{"href":"https:\/\/www.europesays.com\/de\/wp-json\/wp\/v2\/posts"}],"about":[{"href":"https:\/\/www.europesays.com\/de\/wp-json\/wp\/v2\/types\/post"}],"author":[{"embeddable":true,"href":"https:\/\/www.europesays.com\/de\/wp-json\/wp\/v2\/users\/2"}],"replies":[{"embeddable":true,"href":"https:\/\/www.europesays.com\/de\/wp-json\/wp\/v2\/comments?post=300257"}],"version-history":[{"count":0,"href":"https:\/\/www.europesays.com\/de\/wp-json\/wp\/v2\/posts\/300257\/revisions"}],"wp:featuredmedia":[{"embeddable":true,"href":"https:\/\/www.europesays.com\/de\/wp-json\/wp\/v2\/media\/300258"}],"wp:attachment":[{"href":"https:\/\/www.europesays.com\/de\/wp-json\/wp\/v2\/media?parent=300257"}],"wp:term":[{"taxonomy":"category","embeddable":true,"href":"https:\/\/www.europesays.com\/de\/wp-json\/wp\/v2\/categories?post=300257"},{"taxonomy":"post_tag","embeddable":true,"href":"https:\/\/www.europesays.com\/de\/wp-json\/wp\/v2\/tags?post=300257"}],"curies":[{"name":"wp","href":"https:\/\/api.w.org\/{rel}","templated":true}]}}