{"id":300267,"date":"2025-07-28T10:59:11","date_gmt":"2025-07-28T10:59:11","guid":{"rendered":"https:\/\/www.europesays.com\/de\/300267\/"},"modified":"2025-07-28T10:59:11","modified_gmt":"2025-07-28T10:59:11","slug":"mehrere-berliner-halte-der-linie-re8-entfallen-ab-montagabend","status":"publish","type":"post","link":"https:\/\/www.europesays.com\/de\/300267\/","title":{"rendered":"Mehrere Berliner Halte der Linie RE8 entfallen ab Montagabend"},"content":{"rendered":"<p>Mehrere Berliner Halte der Regionalexpresslinie <b>RE8<\/b> entfallen ab Montagabend. Das teilte die Ostdeutsche Eisenbahngesellschaft [<a href=\"https:\/\/www.odeg.de\/linien-fahrplaene\/fahrplanabweichungen\" target=\"_blank\" rel=\"nofollow noopener\">odeg.de<\/a>] mit. Aufgrund von Bauarbeiten kommt es zwischen den Bahnh\u00f6fen Flughafen BER und Berlin-Spandau zu Ausf\u00e4llen im Zeitraum <b>vom 28. Juli ab 21 Uhr bis zum 1. August gegen 2:30 Uhr<\/b>.<\/p>\n<p>In Berlin entfallen die Stopps an den Bahnh\u00f6fen<b> Ostbahnhof<\/b>, <b>Alexanderplatz<\/b>, <b>Friedrichstra\u00dfe<\/b>, <b>Hauptbahnhof<\/b>,<b> Zoologischer Garten<\/b> und <b>Charlottenburg<\/b>. Fahrg\u00e4ste werden gebeten auf alternative Angebote umzusteigen.<\/p>\n<p>In den Randzeiten verkehrt die Linie RE8 von Montag bis Freitag alternativ von Spandau \u00fcber Gesundbrunnen und Ostkreuz &#8211; allerdings zu ge\u00e4nderten Abfahrtszeiten. Von Dienstag bis Donnerstag verkehrt ein umgeleiteter Zug in den Randzeiten auch in entgegengesetzter Richtung \u00fcber Ostkreuz und Gesundbrunnen nach Spandau. Tags\u00fcber entfallen dar\u00fcberhinaus auch die Stopps am Flughafen BER und in Spandau. Die <a href=\"https:\/\/www.odeg.de\/fileadmin\/user_upload\/Unternehmensseite\/linien-fahrplaene\/fahrplanabweichung\/Jul25\/2025_07_28-08_01_FGI_Ausfall_Flughafen_BER-Berlin-Spandau_FPLO19338_11618.pdf\" target=\"_blank\" rel=\"nofollow noopener\">Odeg hat einen Baustellenfahrplan<\/a> eingerichtet.<\/p>\n<p>Von August an wird zudem die ICE- und Regional-Zugstrecke zwischen Hamburg und Berlin gesperrt. Grund ist eine <a href=\"https:\/\/www.rbb24.de\/panorama\/beitrag\/2025\/07\/berlin-brandenburg-generalsanierung-baustelle-bahn-zug-hamburg.html\" rel=\"nofollow noopener\" target=\"_blank\">umfangreiche Generalsanierung<\/a>.<\/p>\n<p>Diese wirkt sich auch auf die Line RE8 aus. Zwischen Wismar und Berlin entf\u00e4llt die<b> <\/b>Linie, befahren wird nur der Abschnitt zwischen Flughafen BER und Elstal. Zwischen Schwerin und Berlin-S\u00fcdkreuz f\u00e4hrt im Zweistundentakt die neue Linie <b>RE85<\/b>. Eine detaillierte \u00dcbersicht ist beim Verkehrsverbund Berlin-Brandenburg (VBB) einsehbar. [<a href=\"https:\/\/www.vbb.de\/news\/generalsanierung-hamburg-berlin-weiter-direkte-fernzuege-und-umfassendes-ersatzangebot-im-regionalverkehr\/\" target=\"_blank\" rel=\"nofollow noopener\">vbb.de<\/a>]<\/p>\n","protected":false},"excerpt":{"rendered":"Mehrere Berliner Halte der Regionalexpresslinie RE8 entfallen ab Montagabend. Das teilte die Ostdeutsche Eisenbahngesellschaft [odeg.de] mit. Aufgrund von&hellip;\n","protected":false},"author":2,"featured_media":300268,"comment_status":"","ping_status":"","sticky":false,"template":"","format":"standard","meta":{"footnotes":""},"categories":[1825],"tags":[1941,1939,296,1937,29,30,1940,1938],"class_list":{"0":"post-300267","1":"post","2":"type-post","3":"status-publish","4":"format-standard","5":"has-post-thumbnail","7":"category-berlin","8":"tag-aktuelle-nachrichten-aus-berlin","9":"tag-aktuelle-news-aus-berlin","10":"tag-berlin","11":"tag-berlin-news","12":"tag-deutschland","13":"tag-germany","14":"tag-nachrichten-aus-berlin","15":"tag-news-aus-berlin"},"share_on_mastodon":{"url":"https:\/\/pubeurope.com\/@de\/114930514194510684","error":""},"_links":{"self":[{"href":"https:\/\/www.europesays.com\/de\/wp-json\/wp\/v2\/posts\/300267","targetHints":{"allow":["GET"]}}],"collection":[{"href":"https:\/\/www.europesays.com\/de\/wp-json\/wp\/v2\/posts"}],"about":[{"href":"https:\/\/www.europesays.com\/de\/wp-json\/wp\/v2\/types\/post"}],"author":[{"embeddable":true,"href":"https:\/\/www.europesays.com\/de\/wp-json\/wp\/v2\/users\/2"}],"replies":[{"embeddable":true,"href":"https:\/\/www.europesays.com\/de\/wp-json\/wp\/v2\/comments?post=300267"}],"version-history":[{"count":0,"href":"https:\/\/www.europesays.com\/de\/wp-json\/wp\/v2\/posts\/300267\/revisions"}],"wp:featuredmedia":[{"embeddable":true,"href":"https:\/\/www.europesays.com\/de\/wp-json\/wp\/v2\/media\/300268"}],"wp:attachment":[{"href":"https:\/\/www.europesays.com\/de\/wp-json\/wp\/v2\/media?parent=300267"}],"wp:term":[{"taxonomy":"category","embeddable":true,"href":"https:\/\/www.europesays.com\/de\/wp-json\/wp\/v2\/categories?post=300267"},{"taxonomy":"post_tag","embeddable":true,"href":"https:\/\/www.europesays.com\/de\/wp-json\/wp\/v2\/tags?post=300267"}],"curies":[{"name":"wp","href":"https:\/\/api.w.org\/{rel}","templated":true}]}}