{"id":300344,"date":"2025-07-28T11:42:12","date_gmt":"2025-07-28T11:42:12","guid":{"rendered":"https:\/\/www.europesays.com\/de\/300344\/"},"modified":"2025-07-28T11:42:12","modified_gmt":"2025-07-28T11:42:12","slug":"doping-in-einer-tour-in-frankreich-und-in-den-koepfen-vieler-fans-kein-thema-mehr-sport","status":"publish","type":"post","link":"https:\/\/www.europesays.com\/de\/300344\/","title":{"rendered":"Doping in einer Tour? In Frankreich und in den K\u00f6pfen vieler Fans kein Thema mehr &#8211; Sport"},"content":{"rendered":"<p>Im Radsport wird in einer Tour gedopt. So hat es jahrelang get\u00f6nt, und das T\u00f6nen kam von allen Seiten, von den Medien, der Politik, den Sponsoren, den Fans. Doch jetzt, so hat es zumindest den Anschein, ist das T\u00f6nen vorbei. Die am Sonntag mit einem furiosen Finale und dem vierten Gesamtsieg des Slowenen Tadej Pogacar beendete Tour rollte drei Wochen lang auf einer Welle der Begeisterung dahin und zog nicht nur Frankreich in ihren Bann. Da war es nat\u00fcrlich kein Schaden, dass die ersten sieben aus sieben verschiedenen L\u00e4ndern kamen, darunter auch \u00d6sterreich, dem f\u00fcnftplatzierten Felix Gall sei es gedankt.<\/p>\n","protected":false},"excerpt":{"rendered":"Im Radsport wird in einer Tour gedopt. So hat es jahrelang get\u00f6nt, und das T\u00f6nen kam von allen&hellip;\n","protected":false},"author":2,"featured_media":300345,"comment_status":"","ping_status":"","sticky":false,"template":"","format":"standard","meta":{"footnotes":""},"categories":[3974],"tags":[331,332,548,663,3934,3980,156,13,14,15,12],"class_list":{"0":"post-300344","1":"post","2":"type-post","3":"status-publish","4":"format-standard","5":"has-post-thumbnail","7":"category-frankreich","8":"tag-aktuelle-nachrichten","9":"tag-aktuelle-news","10":"tag-eu","11":"tag-europa","12":"tag-europe","13":"tag-france","14":"tag-frankreich","15":"tag-headlines","16":"tag-nachrichten","17":"tag-news","18":"tag-schlagzeilen"},"share_on_mastodon":{"url":"https:\/\/pubeurope.com\/@de\/114930682816684515","error":""},"_links":{"self":[{"href":"https:\/\/www.europesays.com\/de\/wp-json\/wp\/v2\/posts\/300344","targetHints":{"allow":["GET"]}}],"collection":[{"href":"https:\/\/www.europesays.com\/de\/wp-json\/wp\/v2\/posts"}],"about":[{"href":"https:\/\/www.europesays.com\/de\/wp-json\/wp\/v2\/types\/post"}],"author":[{"embeddable":true,"href":"https:\/\/www.europesays.com\/de\/wp-json\/wp\/v2\/users\/2"}],"replies":[{"embeddable":true,"href":"https:\/\/www.europesays.com\/de\/wp-json\/wp\/v2\/comments?post=300344"}],"version-history":[{"count":0,"href":"https:\/\/www.europesays.com\/de\/wp-json\/wp\/v2\/posts\/300344\/revisions"}],"wp:featuredmedia":[{"embeddable":true,"href":"https:\/\/www.europesays.com\/de\/wp-json\/wp\/v2\/media\/300345"}],"wp:attachment":[{"href":"https:\/\/www.europesays.com\/de\/wp-json\/wp\/v2\/media?parent=300344"}],"wp:term":[{"taxonomy":"category","embeddable":true,"href":"https:\/\/www.europesays.com\/de\/wp-json\/wp\/v2\/categories?post=300344"},{"taxonomy":"post_tag","embeddable":true,"href":"https:\/\/www.europesays.com\/de\/wp-json\/wp\/v2\/tags?post=300344"}],"curies":[{"name":"wp","href":"https:\/\/api.w.org\/{rel}","templated":true}]}}