{"id":300420,"date":"2025-07-28T12:24:15","date_gmt":"2025-07-28T12:24:15","guid":{"rendered":"https:\/\/www.europesays.com\/de\/300420\/"},"modified":"2025-07-28T12:24:15","modified_gmt":"2025-07-28T12:24:15","slug":"clea-lacy-juhn-teilt-seltenes-foto-mit-ehemann-hasim-aus-diesem-grund","status":"publish","type":"post","link":"https:\/\/www.europesays.com\/de\/300420\/","title":{"rendered":"Clea-Lacy Juhn teilt seltenes Foto mit Ehemann Hasim \u2013 aus diesem Grund"},"content":{"rendered":"<p>Clea-Lacy Juhn<br \/>\nNach Krisenger\u00fcchten teilt sie seltenes Foto mit Ehemann Hasim<\/p>\n<p><img class=\"image image-element__image\"   src=\"https:\/\/www.europesays.com\/de\/wp-content\/uploads\/2025\/07\/clea-lacy-juhn.jpg\" alt=\"Clea-Lacy Juhn mit ihren Zwillingen\" decoding=\"async\" fetchpriority=\"high\" loading=\"eager\"\/><br \/>\n<a href=\"https:\/\/image.gala.de\/24383656\/t\/GO\/v4\/w2048\/r1.5\/-\/clea-lacy-juhn.jpg#instagram.com%2Fclea_lacy\" class=\"image__magnifier\" aria-label=\"Vergr\u00f6\u00dfern\" rel=\"nofollow noopener\" target=\"_blank\"><\/p>\n<p>\n Clea-Lacy Juhn mit ihren Zwillingen <\/p>\n<p>\u00a9 instagram.com\/clea_lacy<\/p>\n<p>\nClea-Lacy Juhn und ihr Ehemann Hasim haben in den vergangenen Monaten immer wieder f\u00fcr Trennungsger\u00fcchte gesorgt. Jetzt ver\u00f6ffentlicht die Zwillingsmama nach langer Zeit ein gemeinsames Familienfoto \u2013 aus besonderem Anlass.\n<\/p>\n<p class=\"text-element u-richtext u-typo u-typo--article-text article__text-element text-element--context-article\"> Als <a class=\"\" data-target-type=\"article\" href=\"https:\/\/www.gala.de\/lifestyle\/film-tv-musik\/themen\/clea-lacy-juhn-21329254.html\" target=\"_self\" rel=\"nofollow noopener\">Clea-Lacy Juhn<\/a>, 33, im vergangenen Jahr mit ihren Zwillingss\u00f6hne Mika und Mi\u0161ah schwanger war, machte sie im Mai die Trennung von Ehemann Hasim \u00f6ffentlich. Zwei Monate sp\u00e4ter erblickten die gemeinsamen Kinder das Licht der Welt. Mitte August feierten die einstige &#8222;Bachelor&#8220;-Kandidatin und ihr Partner ihr <a class=\"link--external link--external\" href=\"https:\/\/www.gala.de\/stars\/news\/clea-lacy-juhn--fotobeweis--liebescomeback-mit-ehemann-hasim-24158852.html\" rel=\"nofollow noopener\" target=\"_blank\">offizielles Liebescomeback<\/a> mit einem Kussfoto.<\/p>\n<p class=\"text-element u-richtext u-typo u-typo--article-text article__text-element text-element--context-article\"> Diese Aufnahme ist inzwischen jedoch l\u00e4ngst <a class=\"link--external\" href=\"https:\/\/www.gala.de\/stars\/news\/clea-lacy-juhn--kussfoto-geloescht--sie-und-ehemann-hasim-sorgen-fuer-krisengeruechte-24241988.html\" rel=\"nofollow noopener\" target=\"_blank\">von seinem Instagram-Account verschwunden<\/a>. Seitdem haben sie sich kaum mehr zusammen in den sozialen Medien gezeigt. Das \u00e4ndert Clea-Lacy Juhn jetzt allerdings.<\/p>\n<p>Clea-Lacy Juhn teilt seltenes Foto mit Ehemann Hasim<\/p>\n<p class=\"text-element u-richtext u-typo u-typo--article-text article__text-element text-element--context-article\"> Denn das Ehepaar feiert einen besonderen Meilenstein: den ersten Geburtstag seiner Zwillinge. Zu dem denkw\u00fcrdigen Anlass posten Hasim und Clea-Lacy Juhn den gleichen Beitrag auf ihren Instagram-Accounts, der einen kleinen Einblick in den unvergesslichen Tag mit ihren Kindern gibt. Auf dem ersten Foto sitzen Mika und Mi\u0161ah R\u00fccken an R\u00fccken vor ihrer Geburtstagsdeko und genie\u00dfen freudestrahlend ihre Torte.<\/p>\n<p class=\"text-element u-richtext u-typo u-typo--article-text article__text-element text-element--context-article\"> Die zweite Aufnahme hat Seltenheitswert, denn darauf posieren die 33-J\u00e4hrige und ihr Mann zusammen mit ihren S\u00f6hnen. Familienfotos waren in den vergangenen Monaten so gut wie gar nicht auf ihren Profilen zu finden. &#8222;Unsere wundervollen S\u00f6hne Mi\u0161ah und Mika werden heute 1 Jahr alt \u2013 Happy Birthday! Vor genau einem Jahr haben sie das Licht der Welt erblickt und uns zu den gl\u00fccklichsten Menschen \u00fcberhaupt gemacht&#8220;, schreiben die stolzen Eltern.<\/p>\n<p class=\"text-element u-richtext u-typo u-typo--article-text article__text-element text-element--context-article\"> Und weiter: &#8222;Seitdem sind 365 Tage vergangen \u2013 365 Tage voller Liebe, ein paar Tr\u00e4nen und unendlich vieler kostbarer Momente. Es erf\u00fcllt uns mit Stolz, die Eltern dieser zwei wundervollen Jungs sein zu d\u00fcrfen. Wir freuen und darauf gemeinsam die Welt mit unseren Jungs zu entdecken. Heute wird aber erstmal mit der Familie gefeiert und der Tag in vollen Z\u00fcgen genossen. In Liebe euer Papa und eure Mama.&#8220;<\/p>\n<p>Sie \u00fcberraschte mit erstem Familienfoto nach langer Zeit<\/p>\n<p class=\"text-element u-richtext u-typo u-typo--article-text article__text-element text-element--context-article\"> Anfang Juli hatte Clea-Lacy Juhn mit dem ersten Foto mit Hasim nach langer Zeit \u00fcberrascht. Damals teilte sie Impressionen aus ihrem Kroatien-Urlaub. Neben Landschafts- sowie Essensaufnahmen ist das dritte Bild in der Reihe ein Foto von der Influencerin und ihrem Mann sowie den Kindern aus dem Flugzeug.<\/p>\n<p><img class=\"image image-element__image\"   src=\"https:\/\/www.europesays.com\/de\/wp-content\/uploads\/2025\/07\/clea-lacy-juhn-teaser.jpg\" alt=\"Clea-Lacy Juhn: Nach Krisenger\u00fcchten teilt sie seltenes Foto mit Ehemann Hasim\" decoding=\"async\" fetchpriority=\"auto\" loading=\"lazy\"\/><br \/>\n<a href=\"https:\/\/image.gala.de\/24425814\/t\/6G\/v4\/w2048\/r0\/-\/clea-lacy-juhn-teaser.jpg#instagram.com%2Fclea_lacy\" class=\"image__magnifier\" aria-label=\"Vergr\u00f6\u00dfern\" rel=\"nofollow noopener\" target=\"_blank\"><\/p>\n<p>\u00a9 instagram.com\/clea_lacy<\/p>\n<p class=\"text-element u-richtext u-typo u-typo--article-text article__text-element text-element--context-article\"> &#8222;Es war unsere erste Reise als Familie \u2013 und ich bin so dankbar, dass wir diesen Schritt gewagt haben. Ich hatte echt Respekt vor den Fl\u00fcgen, aber die liefen besser als gedacht. Jetzt freue ich mich schon riesig auf unser n\u00e4chstes Abenteuer!&#8220;, betonte Clea-Lacy Juhn.<\/p>\n<p class=\"text-element u-richtext u-typo u-typo--article-text article__text-element text-element--context-article\"> Verwendete Quelle: instagram.com<\/p>\n<p>\nsti<br \/>\nGala\n<\/p>\n<p>#Themen<\/p>\n<p><script async src=\"\/\/www.instagram.com\/embed.js\"><\/script><\/p>\n","protected":false},"excerpt":{"rendered":"Clea-Lacy Juhn Nach Krisenger\u00fcchten teilt sie seltenes Foto mit Ehemann Hasim Clea-Lacy Juhn mit ihren Zwillingen \u00a9 instagram.com\/clea_lacy&hellip;\n","protected":false},"author":2,"featured_media":300421,"comment_status":"","ping_status":"","sticky":false,"template":"","format":"standard","meta":{"footnotes":""},"categories":[1776],"tags":[1801,29,214,30,1802,215],"class_list":{"0":"post-300420","1":"post","2":"type-post","3":"status-publish","4":"format-standard","5":"has-post-thumbnail","7":"category-prominente","8":"tag-celebrities","9":"tag-deutschland","10":"tag-entertainment","11":"tag-germany","12":"tag-prominente","13":"tag-unterhaltung"},"share_on_mastodon":{"url":"https:\/\/pubeurope.com\/@de\/114930848018423316","error":""},"_links":{"self":[{"href":"https:\/\/www.europesays.com\/de\/wp-json\/wp\/v2\/posts\/300420","targetHints":{"allow":["GET"]}}],"collection":[{"href":"https:\/\/www.europesays.com\/de\/wp-json\/wp\/v2\/posts"}],"about":[{"href":"https:\/\/www.europesays.com\/de\/wp-json\/wp\/v2\/types\/post"}],"author":[{"embeddable":true,"href":"https:\/\/www.europesays.com\/de\/wp-json\/wp\/v2\/users\/2"}],"replies":[{"embeddable":true,"href":"https:\/\/www.europesays.com\/de\/wp-json\/wp\/v2\/comments?post=300420"}],"version-history":[{"count":0,"href":"https:\/\/www.europesays.com\/de\/wp-json\/wp\/v2\/posts\/300420\/revisions"}],"wp:featuredmedia":[{"embeddable":true,"href":"https:\/\/www.europesays.com\/de\/wp-json\/wp\/v2\/media\/300421"}],"wp:attachment":[{"href":"https:\/\/www.europesays.com\/de\/wp-json\/wp\/v2\/media?parent=300420"}],"wp:term":[{"taxonomy":"category","embeddable":true,"href":"https:\/\/www.europesays.com\/de\/wp-json\/wp\/v2\/categories?post=300420"},{"taxonomy":"post_tag","embeddable":true,"href":"https:\/\/www.europesays.com\/de\/wp-json\/wp\/v2\/tags?post=300420"}],"curies":[{"name":"wp","href":"https:\/\/api.w.org\/{rel}","templated":true}]}}